{"id":59,"date":"2023-05-27T18:56:31","date_gmt":"2023-05-27T16:56:31","guid":{"rendered":"https:\/\/www.micro-vehicules.com\/blog\/alonso-fia-fernando-est-plus-intelligent-que-vous-saison-2021-de-formule-1-podcast-inside-line-f1\/"},"modified":"2023-05-27T18:56:31","modified_gmt":"2023-05-27T16:56:31","slug":"alonso-fia-fernando-est-plus-intelligent-que-vous-saison-2021-de-formule-1-podcast-inside-line-f1","status":"publish","type":"post","link":"https:\/\/www.micro-vehicules.com\/blog\/alonso-fia-fernando-est-plus-intelligent-que-vous-saison-2021-de-formule-1-podcast-inside-line-f1\/","title":{"rendered":"Alonso-FIA: Fernando est plus intelligent que vous \u2013 Saison 2021 de Formule 1 \u2013 Podcast Inside Line F1"},"content":{"rendered":"<div><img width=\"580\" height=\"305\" src=\"https:\/\/www.micro-vehicules.com\/blog\/wp-content\/uploads\/2023\/06\/Alonso-FIA-Fernando-est-plus-intelligent-que-vous-Saison-2021-1024x538-1.jpg\" class=\"attachment-large size-large wp-post-image\" alt=\"Alonso-FIA-Fernando-est-plus-intelligent-que-vous-Saison-2021\" decoding=\"async\" loading=\"lazy\" style=\"float:left; margin:0 15px 15px 0;\" srcset=\"https:\/\/www.micro-vehicules.com\/blog\/wp-content\/uploads\/2023\/06\/Alonso-FIA-Fernando-est-plus-intelligent-que-vous-Saison-2021-1024x538-1.jpg 1024w, https:\/\/www.site.cdcl.xyz\/wp-content\/uploads\/2023\/05\/Alonso-FIA-Fernando-est-plus-intelligent-que-vous-Saison-2021-300x158.jpg 300w, https:\/\/www.site.cdcl.xyz\/wp-content\/uploads\/2023\/05\/Alonso-FIA-Fernando-est-plus-intelligent-que-vous-Saison-2021-768x403.jpg 768w, https:\/\/www.micro-vehicules.com\/blog\/wp-content\/uploads\/2023\/06\/Alonso-FIA-Fernando-est-plus-intelligent-que-vous-Saison-2021.jpg 1200w\" sizes=\"auto, (max-width: 580px) 100vw, 580px\"><\/p>\n<div id=\"post-6315\">\n<div class=\"blog_post clearfix\">\n<div class=\"blog_post_banner blog_post_image undertitle\"><img width=\"1200\" height=\"630\" src=\"https:\/\/www.micro-vehicules.com\/blog\/wp-content\/uploads\/2023\/06\/Alonso-FIA-Fernando-est-plus-intelligent-que-vous-Saison-2021.jpg\" class=\"img-responsive wp-post-image\" alt=\"Alonso-FIA-Fernando-est-plus-intelligent-que-vous-Saison-2021\" decoding=\"async\" loading=\"lazy\"><\/div>\n<div class=\"entry-content blog_post_text blog_post_description\">\n<p><img decoding=\"async\" src=\"https:\/\/www.micro-vehicules.com\/blog\/wp-content\/uploads\/2023\/06\/1685209210_638_Alonso-FIA-Fernando-est-plus-intelligent-que-vous-Saison-2021.jpg\"><\/p>\n<div id=\"\">\n<p>Comment pensez-vous exactement que la saga Alonso-FIA va se conclure ?  Pour \u00eatre franc, Alonso fait ce que tous les fans de Formule 1 veulent faire \u2013 amener la FIA \u00e0 \u00eatre coh\u00e9rente dans ses p\u00e9nalit\u00e9s. <\/p>\n<p><em>(La description de l\u2019\u00e9pisode suit ci-dessous)<\/em><\/p>\n<hr>\n<p><em><strong>Utilisez \u2018PUMAINSIDELINE\u2019 pour b\u00e9n\u00e9ficier d\u2019une r\u00e9duction suppl\u00e9mentaire de 5\u00a0% sur la collection de produits Puma Motorsport (exclusif pour nos auditeurs en Inde). <\/strong><\/em><\/p>\n<hr>\n<p><em><strong>Abonnez-vous \u00e0 notre newsletter!  C\u2019est gratuit, informatif, perspicace et visuellement attrayant.  Vous pouvez en savoir plus et vous inscrire.<\/strong><\/em><\/p>\n<hr>\n<p>Dans cet \u00e9pisode du podcast Inside Line F1, Soumil et Kunal discutent de la bataille en cours entre Alonso et la FIA.  L\u2019absence d\u2019un v\u00e9ritable combat en piste est-elle l\u2019une des raisons pour lesquelles Alonso se bat avec la FIA ?  Rappelons-nous qu\u2019Alonso a eu ses d\u00e9m\u00eal\u00e9s avec \u00e0 peu pr\u00e8s toutes les grandes \u00e9quipes de Formule 1 \u2013 Ferrari, Honda, Mclaren et Mercedes.  La FIA est-elle sa prochaine cible ? <\/p>\n<p>D\u2019o\u00f9 Soumil est assis, il pense que c\u2019est un cas de sc\u00e9nario \u00ab\u00a0Fernando est plus intelligent que toi\u00a0\u00bb.  L\u2019ancien double champion du monde pousse vraiment la FIA \u00e0 devenir coh\u00e9rente dans l\u2019application de ses r\u00e8gles.  D\u2019un autre c\u00f4t\u00e9, Kunal puise dans son exp\u00e9rience de marin de comp\u00e9tition et demande si la r\u00e8gle de \u00ab\u00a0l\u2019eau \u00e0 la marque\u00a0\u00bb du sport de la voile pourrait \u00eatre modifi\u00e9e pour \u00eatre mise en \u0153uvre dans le monde du sport automobile\u00a0?  Accorder!<\/p>\n<p><em>(Saison 2021, \u00c9pisode 66)<\/em><\/p>\n<hr>\n<p>Suivez nos h\u00f4tes sur Twitter : <a target=\"_blank\" rel=\"nofollow\" href=\"https:\/\/www.micro-vehicules.com\/blog\/goto\/https:\/\/twitter.com\/iamsoumilaroraa\" rel=\"nofollow noopener\" target=\"_blank\" >Soumil Arora<\/a> et Kunal Shah<\/p>\n<p><em>Courtoisie d\u2019image : Alpine F1 Team<\/em><\/p>\n<\/div>\n<p>Lien source <\/p>\n<\/div>\n<\/div>\n<\/div>\n<p><script async src=\"\/\/platform.twitter.com\/widgets.js\" charset=\"utf-8\"><\/script><script async defer crossorigin=\"anonymous\" src=\"https:\/\/connect.facebook.net\/en_US\/sdk.js#xfbml=1&amp;version=v13.0&amp;appId=288917688598767&amp;autoLogAppEvents=1\" type=\"712b22db67fad3f6b6bdc591-text\/javascript\"><\/script><script async defer crossorigin=\"anonymous\" src=\"https:\/\/connect.facebook.net\/en_US\/sdk.js#xfbml=1&amp;version=v12.0&amp;appId=288917688598767&amp;autoLogAppEvents=1\" type=\"712b22db67fad3f6b6bdc591-text\/javascript\"><\/script><\/p>\n<\/div>\n<p><img decoding=\"async\" class=\"wpe_imgrss\" src=\"https:\/\/www.micro-vehicules.com\/blog\/wp-content\/uploads\/2023\/06\/Alonso-FIA-Fernando-est-plus-intelligent-que-vous-Saison-2021-1024x538-1.jpg\">Pour vous, cet article autour du th\u00e8me \u00ab\u00a0Voitures sans permis\u00a0\u00bb vous est propos\u00e9 par micro-vehicules.com. La chronique est produite du mieux possible. Il est possible d\u2019\u00e9crire en utilisant les coordonn\u00e9es indiqu\u00e9es sur notre site web afin d&rsquo;apporter des d\u00e9tails sur ce contenu qui parle du th\u00e8me \u00ab\u00a0Voitures sans permis\u00a0\u00bb. La mission de micro-vehicules.com \u00e9tant de rassembler sur le web des infos sur le th\u00e8me de Voitures sans permis et ensuite les pr\u00e9senter en t\u00e2chant de r\u00e9pondre du mieux possible aux interrogations des personnes. En consultant de mani\u00e8re r\u00e9guli\u00e8re nos pages de blog vous serez inform\u00e9 des prochaines parutions.<\/p>\n","protected":false},"excerpt":{"rendered":"<p>Comment pensez-vous exactement que la saga Alonso-FIA va se conclure ? Pour \u00eatre franc, Alonso fait ce que tous les fans de Formule 1 veulent faire \u2013 amener la FIA \u00e0 \u00eatre coh\u00e9rente dans ses p\u00e9nalit\u00e9s. (La description de l\u2019\u00e9pisode suit ci-dessous) Utilisez \u2018PUMAINSIDELINE\u2019 pour b\u00e9n\u00e9ficier d\u2019une r\u00e9duction suppl\u00e9mentaire de 5\u00a0% sur la collection de produits Puma Motorsport (exclusif pour nos auditeurs en Inde). Abonnez-vous \u00e0 notre newsletter! C\u2019est gratuit, informatif, perspicace et visuellement attrayant. Vous pouvez en savoir plus et vous inscrire. Dans cet \u00e9pisode du podcast Inside Line F1, Soumil et Kunal discutent de la bataille en cours\u2026<\/p>\n","protected":false},"author":2,"featured_media":60,"comment_status":"closed","ping_status":"closed","sticky":false,"template":"","format":"standard","meta":{"footnotes":""},"categories":[4],"tags":[],"class_list":["post-59","post","type-post","status-publish","format-standard","has-post-thumbnail","hentry","category-breves-sur-voitures-sans-permis"],"blocksy_meta":"","yoast_head":"<!-- This site is optimized with the Yoast SEO plugin v27.5 - https:\/\/yoast.com\/product\/yoast-seo-wordpress\/ -->\n<title>Alonso-FIA: Fernando est plus intelligent que vous \u2013 Saison 2021 de Formule 1 \u2013 Podcast Inside Line F1 - MICRO-VEHICULES<\/title>\n<meta name=\"robots\" content=\"index, follow, max-snippet:-1, max-image-preview:large, max-video-preview:-1\" \/>\n<link rel=\"canonical\" href=\"https:\/\/www.micro-vehicules.com\/blog\/alonso-fia-fernando-est-plus-intelligent-que-vous-saison-2021-de-formule-1-podcast-inside-line-f1\/\" \/>\n<meta property=\"og:locale\" content=\"fr_FR\" \/>\n<meta property=\"og:type\" content=\"article\" \/>\n<meta property=\"og:title\" content=\"Alonso-FIA: Fernando est plus intelligent que vous \u2013 Saison 2021 de Formule 1 \u2013 Podcast Inside Line F1 - MICRO-VEHICULES\" \/>\n<meta property=\"og:description\" content=\"Comment pensez-vous exactement que la saga Alonso-FIA va se conclure ? Pour \u00eatre franc, Alonso fait ce que tous les fans de Formule 1 veulent faire \u2013 amener la FIA \u00e0 \u00eatre coh\u00e9rente dans ses p\u00e9nalit\u00e9s. (La description de l\u2019\u00e9pisode suit ci-dessous) Utilisez \u2018PUMAINSIDELINE\u2019 pour b\u00e9n\u00e9ficier d\u2019une r\u00e9duction suppl\u00e9mentaire de 5\u00a0% sur la collection de produits Puma Motorsport (exclusif pour nos auditeurs en Inde). Abonnez-vous \u00e0 notre newsletter! C\u2019est gratuit, informatif, perspicace et visuellement attrayant. Vous pouvez en savoir plus et vous inscrire. Dans cet \u00e9pisode du podcast Inside Line F1, Soumil et Kunal discutent de la bataille en cours\u2026\" \/>\n<meta property=\"og:url\" content=\"https:\/\/www.micro-vehicules.com\/blog\/alonso-fia-fernando-est-plus-intelligent-que-vous-saison-2021-de-formule-1-podcast-inside-line-f1\/\" \/>\n<meta property=\"og:site_name\" content=\"MICRO-VEHICULES\" \/>\n<meta property=\"article:published_time\" content=\"2023-05-27T16:56:31+00:00\" \/>\n<meta property=\"og:image\" content=\"https:\/\/www.micro-vehicules.com\/blog\/wp-content\/uploads\/2023\/06\/Alonso-FIA-Fernando-est-plus-intelligent-que-vous-Saison-2021-1024x538-1.jpg\" \/>\n\t<meta property=\"og:image:width\" content=\"1024\" \/>\n\t<meta property=\"og:image:height\" content=\"538\" \/>\n\t<meta property=\"og:image:type\" content=\"image\/jpeg\" \/>\n<meta name=\"author\" content=\"Constant FOULE\" \/>\n<meta name=\"twitter:card\" content=\"summary_large_image\" \/>\n<meta name=\"twitter:label1\" content=\"\u00c9crit par\" \/>\n\t<meta name=\"twitter:data1\" content=\"Constant FOULE\" \/>\n\t<meta name=\"twitter:label2\" content=\"Dur\u00e9e de lecture estim\u00e9e\" \/>\n\t<meta name=\"twitter:data2\" content=\"2 minutes\" \/>\n<script type=\"application\/ld+json\" class=\"yoast-schema-graph\">{\"@context\":\"https:\\\/\\\/schema.org\",\"@graph\":[{\"@type\":\"Article\",\"@id\":\"https:\\\/\\\/www.micro-vehicules.com\\\/blog\\\/alonso-fia-fernando-est-plus-intelligent-que-vous-saison-2021-de-formule-1-podcast-inside-line-f1\\\/#article\",\"isPartOf\":{\"@id\":\"https:\\\/\\\/www.micro-vehicules.com\\\/blog\\\/alonso-fia-fernando-est-plus-intelligent-que-vous-saison-2021-de-formule-1-podcast-inside-line-f1\\\/\"},\"author\":{\"name\":\"Constant FOULE\",\"@id\":\"https:\\\/\\\/www.micro-vehicules.com\\\/blog\\\/#\\\/schema\\\/person\\\/fe2699af12675c9a6c81f5147411ac97\"},\"headline\":\"Alonso-FIA: Fernando est plus intelligent que vous \u2013 Saison 2021 de Formule 1 \u2013 Podcast Inside Line F1\",\"datePublished\":\"2023-05-27T16:56:31+00:00\",\"mainEntityOfPage\":{\"@id\":\"https:\\\/\\\/www.micro-vehicules.com\\\/blog\\\/alonso-fia-fernando-est-plus-intelligent-que-vous-saison-2021-de-formule-1-podcast-inside-line-f1\\\/\"},\"wordCount\":399,\"publisher\":{\"@id\":\"https:\\\/\\\/www.micro-vehicules.com\\\/blog\\\/#organization\"},\"image\":{\"@id\":\"https:\\\/\\\/www.micro-vehicules.com\\\/blog\\\/alonso-fia-fernando-est-plus-intelligent-que-vous-saison-2021-de-formule-1-podcast-inside-line-f1\\\/#primaryimage\"},\"thumbnailUrl\":\"https:\\\/\\\/www.micro-vehicules.com\\\/blog\\\/wp-content\\\/uploads\\\/2023\\\/06\\\/Alonso-FIA-Fernando-est-plus-intelligent-que-vous-Saison-2021-1024x538-1.jpg\",\"articleSection\":[\"Br\u00e8ves Sur Voitures Sans Permis:\"],\"inLanguage\":\"fr-FR\"},{\"@type\":\"WebPage\",\"@id\":\"https:\\\/\\\/www.micro-vehicules.com\\\/blog\\\/alonso-fia-fernando-est-plus-intelligent-que-vous-saison-2021-de-formule-1-podcast-inside-line-f1\\\/\",\"url\":\"https:\\\/\\\/www.micro-vehicules.com\\\/blog\\\/alonso-fia-fernando-est-plus-intelligent-que-vous-saison-2021-de-formule-1-podcast-inside-line-f1\\\/\",\"name\":\"Alonso-FIA: Fernando est plus intelligent que vous \u2013 Saison 2021 de Formule 1 \u2013 Podcast Inside Line F1 - MICRO-VEHICULES\",\"isPartOf\":{\"@id\":\"https:\\\/\\\/www.micro-vehicules.com\\\/blog\\\/#website\"},\"primaryImageOfPage\":{\"@id\":\"https:\\\/\\\/www.micro-vehicules.com\\\/blog\\\/alonso-fia-fernando-est-plus-intelligent-que-vous-saison-2021-de-formule-1-podcast-inside-line-f1\\\/#primaryimage\"},\"image\":{\"@id\":\"https:\\\/\\\/www.micro-vehicules.com\\\/blog\\\/alonso-fia-fernando-est-plus-intelligent-que-vous-saison-2021-de-formule-1-podcast-inside-line-f1\\\/#primaryimage\"},\"thumbnailUrl\":\"https:\\\/\\\/www.micro-vehicules.com\\\/blog\\\/wp-content\\\/uploads\\\/2023\\\/06\\\/Alonso-FIA-Fernando-est-plus-intelligent-que-vous-Saison-2021-1024x538-1.jpg\",\"datePublished\":\"2023-05-27T16:56:31+00:00\",\"breadcrumb\":{\"@id\":\"https:\\\/\\\/www.micro-vehicules.com\\\/blog\\\/alonso-fia-fernando-est-plus-intelligent-que-vous-saison-2021-de-formule-1-podcast-inside-line-f1\\\/#breadcrumb\"},\"inLanguage\":\"fr-FR\",\"potentialAction\":[{\"@type\":\"ReadAction\",\"target\":[\"https:\\\/\\\/www.micro-vehicules.com\\\/blog\\\/alonso-fia-fernando-est-plus-intelligent-que-vous-saison-2021-de-formule-1-podcast-inside-line-f1\\\/\"]}]},{\"@type\":\"ImageObject\",\"inLanguage\":\"fr-FR\",\"@id\":\"https:\\\/\\\/www.micro-vehicules.com\\\/blog\\\/alonso-fia-fernando-est-plus-intelligent-que-vous-saison-2021-de-formule-1-podcast-inside-line-f1\\\/#primaryimage\",\"url\":\"https:\\\/\\\/www.micro-vehicules.com\\\/blog\\\/wp-content\\\/uploads\\\/2023\\\/06\\\/Alonso-FIA-Fernando-est-plus-intelligent-que-vous-Saison-2021-1024x538-1.jpg\",\"contentUrl\":\"https:\\\/\\\/www.micro-vehicules.com\\\/blog\\\/wp-content\\\/uploads\\\/2023\\\/06\\\/Alonso-FIA-Fernando-est-plus-intelligent-que-vous-Saison-2021-1024x538-1.jpg\",\"width\":1024,\"height\":538},{\"@type\":\"BreadcrumbList\",\"@id\":\"https:\\\/\\\/www.micro-vehicules.com\\\/blog\\\/alonso-fia-fernando-est-plus-intelligent-que-vous-saison-2021-de-formule-1-podcast-inside-line-f1\\\/#breadcrumb\",\"itemListElement\":[{\"@type\":\"ListItem\",\"position\":1,\"name\":\"Accueil\",\"item\":\"https:\\\/\\\/www.micro-vehicules.com\\\/blog\\\/\"},{\"@type\":\"ListItem\",\"position\":2,\"name\":\"Alonso-FIA: Fernando est plus intelligent que vous \u2013 Saison 2021 de Formule 1 \u2013 Podcast Inside Line F1\"}]},{\"@type\":\"WebSite\",\"@id\":\"https:\\\/\\\/www.micro-vehicules.com\\\/blog\\\/#website\",\"url\":\"https:\\\/\\\/www.micro-vehicules.com\\\/blog\\\/\",\"name\":\"MICRO-VEHICULES\",\"description\":\"Pour acheter une voiture sans permis.\",\"publisher\":{\"@id\":\"https:\\\/\\\/www.micro-vehicules.com\\\/blog\\\/#organization\"},\"potentialAction\":[{\"@type\":\"SearchAction\",\"target\":{\"@type\":\"EntryPoint\",\"urlTemplate\":\"https:\\\/\\\/www.micro-vehicules.com\\\/blog\\\/?s={search_term_string}\"},\"query-input\":{\"@type\":\"PropertyValueSpecification\",\"valueRequired\":true,\"valueName\":\"search_term_string\"}}],\"inLanguage\":\"fr-FR\"},{\"@type\":\"Organization\",\"@id\":\"https:\\\/\\\/www.micro-vehicules.com\\\/blog\\\/#organization\",\"name\":\"micro-vehicules\",\"url\":\"https:\\\/\\\/www.micro-vehicules.com\\\/blog\\\/\",\"logo\":{\"@type\":\"ImageObject\",\"inLanguage\":\"fr-FR\",\"@id\":\"https:\\\/\\\/www.micro-vehicules.com\\\/blog\\\/#\\\/schema\\\/logo\\\/image\\\/\",\"url\":\"https:\\\/\\\/www.micro-vehicules.com\\\/blog\\\/wp-content\\\/uploads\\\/2023\\\/06\\\/logo-2.png\",\"contentUrl\":\"https:\\\/\\\/www.micro-vehicules.com\\\/blog\\\/wp-content\\\/uploads\\\/2023\\\/06\\\/logo-2.png\",\"width\":340,\"height\":179,\"caption\":\"micro-vehicules\"},\"image\":{\"@id\":\"https:\\\/\\\/www.micro-vehicules.com\\\/blog\\\/#\\\/schema\\\/logo\\\/image\\\/\"}},{\"@type\":\"Person\",\"@id\":\"https:\\\/\\\/www.micro-vehicules.com\\\/blog\\\/#\\\/schema\\\/person\\\/fe2699af12675c9a6c81f5147411ac97\",\"name\":\"Constant FOULE\",\"image\":{\"@type\":\"ImageObject\",\"inLanguage\":\"fr-FR\",\"@id\":\"https:\\\/\\\/secure.gravatar.com\\\/avatar\\\/b89997095efd6ca2ab42b729fae544d241044664dbb4ec1b90634002c0516442?s=96&d=mm&r=g\",\"url\":\"https:\\\/\\\/secure.gravatar.com\\\/avatar\\\/b89997095efd6ca2ab42b729fae544d241044664dbb4ec1b90634002c0516442?s=96&d=mm&r=g\",\"contentUrl\":\"https:\\\/\\\/secure.gravatar.com\\\/avatar\\\/b89997095efd6ca2ab42b729fae544d241044664dbb4ec1b90634002c0516442?s=96&d=mm&r=g\",\"caption\":\"Constant FOULE\"},\"url\":\"https:\\\/\\\/www.micro-vehicules.com\\\/blog\\\/author\\\/lesconstant\\\/\"}]}<\/script>\n<!-- \/ Yoast SEO plugin. -->","yoast_head_json":{"title":"Alonso-FIA: Fernando est plus intelligent que vous \u2013 Saison 2021 de Formule 1 \u2013 Podcast Inside Line F1 - MICRO-VEHICULES","robots":{"index":"index","follow":"follow","max-snippet":"max-snippet:-1","max-image-preview":"max-image-preview:large","max-video-preview":"max-video-preview:-1"},"canonical":"https:\/\/www.micro-vehicules.com\/blog\/alonso-fia-fernando-est-plus-intelligent-que-vous-saison-2021-de-formule-1-podcast-inside-line-f1\/","og_locale":"fr_FR","og_type":"article","og_title":"Alonso-FIA: Fernando est plus intelligent que vous \u2013 Saison 2021 de Formule 1 \u2013 Podcast Inside Line F1 - MICRO-VEHICULES","og_description":"Comment pensez-vous exactement que la saga Alonso-FIA va se conclure ? Pour \u00eatre franc, Alonso fait ce que tous les fans de Formule 1 veulent faire \u2013 amener la FIA \u00e0 \u00eatre coh\u00e9rente dans ses p\u00e9nalit\u00e9s. (La description de l\u2019\u00e9pisode suit ci-dessous) Utilisez \u2018PUMAINSIDELINE\u2019 pour b\u00e9n\u00e9ficier d\u2019une r\u00e9duction suppl\u00e9mentaire de 5\u00a0% sur la collection de produits Puma Motorsport (exclusif pour nos auditeurs en Inde). Abonnez-vous \u00e0 notre newsletter! C\u2019est gratuit, informatif, perspicace et visuellement attrayant. Vous pouvez en savoir plus et vous inscrire. Dans cet \u00e9pisode du podcast Inside Line F1, Soumil et Kunal discutent de la bataille en cours\u2026","og_url":"https:\/\/www.micro-vehicules.com\/blog\/alonso-fia-fernando-est-plus-intelligent-que-vous-saison-2021-de-formule-1-podcast-inside-line-f1\/","og_site_name":"MICRO-VEHICULES","article_published_time":"2023-05-27T16:56:31+00:00","og_image":[{"width":1024,"height":538,"url":"https:\/\/www.micro-vehicules.com\/blog\/wp-content\/uploads\/2023\/06\/Alonso-FIA-Fernando-est-plus-intelligent-que-vous-Saison-2021-1024x538-1.jpg","type":"image\/jpeg"}],"author":"Constant FOULE","twitter_card":"summary_large_image","twitter_misc":{"\u00c9crit par":"Constant FOULE","Dur\u00e9e de lecture estim\u00e9e":"2 minutes"},"schema":{"@context":"https:\/\/schema.org","@graph":[{"@type":"Article","@id":"https:\/\/www.micro-vehicules.com\/blog\/alonso-fia-fernando-est-plus-intelligent-que-vous-saison-2021-de-formule-1-podcast-inside-line-f1\/#article","isPartOf":{"@id":"https:\/\/www.micro-vehicules.com\/blog\/alonso-fia-fernando-est-plus-intelligent-que-vous-saison-2021-de-formule-1-podcast-inside-line-f1\/"},"author":{"name":"Constant FOULE","@id":"https:\/\/www.micro-vehicules.com\/blog\/#\/schema\/person\/fe2699af12675c9a6c81f5147411ac97"},"headline":"Alonso-FIA: Fernando est plus intelligent que vous \u2013 Saison 2021 de Formule 1 \u2013 Podcast Inside Line F1","datePublished":"2023-05-27T16:56:31+00:00","mainEntityOfPage":{"@id":"https:\/\/www.micro-vehicules.com\/blog\/alonso-fia-fernando-est-plus-intelligent-que-vous-saison-2021-de-formule-1-podcast-inside-line-f1\/"},"wordCount":399,"publisher":{"@id":"https:\/\/www.micro-vehicules.com\/blog\/#organization"},"image":{"@id":"https:\/\/www.micro-vehicules.com\/blog\/alonso-fia-fernando-est-plus-intelligent-que-vous-saison-2021-de-formule-1-podcast-inside-line-f1\/#primaryimage"},"thumbnailUrl":"https:\/\/www.micro-vehicules.com\/blog\/wp-content\/uploads\/2023\/06\/Alonso-FIA-Fernando-est-plus-intelligent-que-vous-Saison-2021-1024x538-1.jpg","articleSection":["Br\u00e8ves Sur Voitures Sans Permis:"],"inLanguage":"fr-FR"},{"@type":"WebPage","@id":"https:\/\/www.micro-vehicules.com\/blog\/alonso-fia-fernando-est-plus-intelligent-que-vous-saison-2021-de-formule-1-podcast-inside-line-f1\/","url":"https:\/\/www.micro-vehicules.com\/blog\/alonso-fia-fernando-est-plus-intelligent-que-vous-saison-2021-de-formule-1-podcast-inside-line-f1\/","name":"Alonso-FIA: Fernando est plus intelligent que vous \u2013 Saison 2021 de Formule 1 \u2013 Podcast Inside Line F1 - MICRO-VEHICULES","isPartOf":{"@id":"https:\/\/www.micro-vehicules.com\/blog\/#website"},"primaryImageOfPage":{"@id":"https:\/\/www.micro-vehicules.com\/blog\/alonso-fia-fernando-est-plus-intelligent-que-vous-saison-2021-de-formule-1-podcast-inside-line-f1\/#primaryimage"},"image":{"@id":"https:\/\/www.micro-vehicules.com\/blog\/alonso-fia-fernando-est-plus-intelligent-que-vous-saison-2021-de-formule-1-podcast-inside-line-f1\/#primaryimage"},"thumbnailUrl":"https:\/\/www.micro-vehicules.com\/blog\/wp-content\/uploads\/2023\/06\/Alonso-FIA-Fernando-est-plus-intelligent-que-vous-Saison-2021-1024x538-1.jpg","datePublished":"2023-05-27T16:56:31+00:00","breadcrumb":{"@id":"https:\/\/www.micro-vehicules.com\/blog\/alonso-fia-fernando-est-plus-intelligent-que-vous-saison-2021-de-formule-1-podcast-inside-line-f1\/#breadcrumb"},"inLanguage":"fr-FR","potentialAction":[{"@type":"ReadAction","target":["https:\/\/www.micro-vehicules.com\/blog\/alonso-fia-fernando-est-plus-intelligent-que-vous-saison-2021-de-formule-1-podcast-inside-line-f1\/"]}]},{"@type":"ImageObject","inLanguage":"fr-FR","@id":"https:\/\/www.micro-vehicules.com\/blog\/alonso-fia-fernando-est-plus-intelligent-que-vous-saison-2021-de-formule-1-podcast-inside-line-f1\/#primaryimage","url":"https:\/\/www.micro-vehicules.com\/blog\/wp-content\/uploads\/2023\/06\/Alonso-FIA-Fernando-est-plus-intelligent-que-vous-Saison-2021-1024x538-1.jpg","contentUrl":"https:\/\/www.micro-vehicules.com\/blog\/wp-content\/uploads\/2023\/06\/Alonso-FIA-Fernando-est-plus-intelligent-que-vous-Saison-2021-1024x538-1.jpg","width":1024,"height":538},{"@type":"BreadcrumbList","@id":"https:\/\/www.micro-vehicules.com\/blog\/alonso-fia-fernando-est-plus-intelligent-que-vous-saison-2021-de-formule-1-podcast-inside-line-f1\/#breadcrumb","itemListElement":[{"@type":"ListItem","position":1,"name":"Accueil","item":"https:\/\/www.micro-vehicules.com\/blog\/"},{"@type":"ListItem","position":2,"name":"Alonso-FIA: Fernando est plus intelligent que vous \u2013 Saison 2021 de Formule 1 \u2013 Podcast Inside Line F1"}]},{"@type":"WebSite","@id":"https:\/\/www.micro-vehicules.com\/blog\/#website","url":"https:\/\/www.micro-vehicules.com\/blog\/","name":"MICRO-VEHICULES","description":"Pour acheter une voiture sans permis.","publisher":{"@id":"https:\/\/www.micro-vehicules.com\/blog\/#organization"},"potentialAction":[{"@type":"SearchAction","target":{"@type":"EntryPoint","urlTemplate":"https:\/\/www.micro-vehicules.com\/blog\/?s={search_term_string}"},"query-input":{"@type":"PropertyValueSpecification","valueRequired":true,"valueName":"search_term_string"}}],"inLanguage":"fr-FR"},{"@type":"Organization","@id":"https:\/\/www.micro-vehicules.com\/blog\/#organization","name":"micro-vehicules","url":"https:\/\/www.micro-vehicules.com\/blog\/","logo":{"@type":"ImageObject","inLanguage":"fr-FR","@id":"https:\/\/www.micro-vehicules.com\/blog\/#\/schema\/logo\/image\/","url":"https:\/\/www.micro-vehicules.com\/blog\/wp-content\/uploads\/2023\/06\/logo-2.png","contentUrl":"https:\/\/www.micro-vehicules.com\/blog\/wp-content\/uploads\/2023\/06\/logo-2.png","width":340,"height":179,"caption":"micro-vehicules"},"image":{"@id":"https:\/\/www.micro-vehicules.com\/blog\/#\/schema\/logo\/image\/"}},{"@type":"Person","@id":"https:\/\/www.micro-vehicules.com\/blog\/#\/schema\/person\/fe2699af12675c9a6c81f5147411ac97","name":"Constant FOULE","image":{"@type":"ImageObject","inLanguage":"fr-FR","@id":"https:\/\/secure.gravatar.com\/avatar\/b89997095efd6ca2ab42b729fae544d241044664dbb4ec1b90634002c0516442?s=96&d=mm&r=g","url":"https:\/\/secure.gravatar.com\/avatar\/b89997095efd6ca2ab42b729fae544d241044664dbb4ec1b90634002c0516442?s=96&d=mm&r=g","contentUrl":"https:\/\/secure.gravatar.com\/avatar\/b89997095efd6ca2ab42b729fae544d241044664dbb4ec1b90634002c0516442?s=96&d=mm&r=g","caption":"Constant FOULE"},"url":"https:\/\/www.micro-vehicules.com\/blog\/author\/lesconstant\/"}]}},"_links":{"self":[{"href":"https:\/\/www.micro-vehicules.com\/blog\/wp-json\/wp\/v2\/posts\/59","targetHints":{"allow":["GET"]}}],"collection":[{"href":"https:\/\/www.micro-vehicules.com\/blog\/wp-json\/wp\/v2\/posts"}],"about":[{"href":"https:\/\/www.micro-vehicules.com\/blog\/wp-json\/wp\/v2\/types\/post"}],"author":[{"embeddable":true,"href":"https:\/\/www.micro-vehicules.com\/blog\/wp-json\/wp\/v2\/users\/2"}],"replies":[{"embeddable":true,"href":"https:\/\/www.micro-vehicules.com\/blog\/wp-json\/wp\/v2\/comments?post=59"}],"version-history":[{"count":0,"href":"https:\/\/www.micro-vehicules.com\/blog\/wp-json\/wp\/v2\/posts\/59\/revisions"}],"wp:featuredmedia":[{"embeddable":true,"href":"https:\/\/www.micro-vehicules.com\/blog\/wp-json\/wp\/v2\/media\/60"}],"wp:attachment":[{"href":"https:\/\/www.micro-vehicules.com\/blog\/wp-json\/wp\/v2\/media?parent=59"}],"wp:term":[{"taxonomy":"category","embeddable":true,"href":"https:\/\/www.micro-vehicules.com\/blog\/wp-json\/wp\/v2\/categories?post=59"},{"taxonomy":"post_tag","embeddable":true,"href":"https:\/\/www.micro-vehicules.com\/blog\/wp-json\/wp\/v2\/tags?post=59"}],"curies":[{"name":"wp","href":"https:\/\/api.w.org\/{rel}","templated":true}]}}