{"id":588,"date":"2024-04-20T01:21:54","date_gmt":"2024-04-19T23:21:54","guid":{"rendered":"https:\/\/www.micro-vehicules.com\/blog\/hedin-se-lance-sur-la-piste-des-acquisitions-en-europe\/"},"modified":"2024-04-20T01:21:54","modified_gmt":"2024-04-19T23:21:54","slug":"hedin-se-lance-sur-la-piste-des-acquisitions-en-europe","status":"publish","type":"post","link":"https:\/\/www.micro-vehicules.com\/blog\/hedin-se-lance-sur-la-piste-des-acquisitions-en-europe\/","title":{"rendered":"Hedin se lance sur la piste des acquisitions en Europe"},"content":{"rendered":"<div><img loading=\"lazy\" width=\"580\" height=\"326\" src=\"https:\/\/www.micro-vehicules.com\/blog\/wp-content\/uploads\/2024\/04\/Hedin-vise-une-nouvelle-croissance-au-Royaume-Uni-avec-lancrage-de.jpg\" class=\"attachment-large size-large wp-post-image\" alt=\"Hedin-vise-une-nouvelle-croissance-au-Royaume-Uni-avec-lancrage-de\" style=\"float:left; margin:0 15px 15px 0;\" decoding=\"async\" srcset=\"https:\/\/www.micro-vehicules.com\/blog\/wp-content\/uploads\/2024\/04\/Hedin-vise-une-nouvelle-croissance-au-Royaume-Uni-avec-lancrage-de.jpg 1024w, https:\/\/www.site.cdcl.xyz\/wp-content\/uploads\/2023\/05\/Hedin-vise-une-nouvelle-croissance-au-Royaume-Uni-avec-lancrage-de-300x169.jpg 300w, https:\/\/www.site.cdcl.xyz\/wp-content\/uploads\/2023\/05\/Hedin-vise-une-nouvelle-croissance-au-Royaume-Uni-avec-lancrage-de-768x432.jpg 768w\" sizes=\"auto, (max-width: 580px) 100vw, 580px\"><\/p>\n<div>\n<p><img loading=\"lazy\" decoding=\"async\" class=\"alignnone wp-image-329329 size-large\" src=\"https:\/\/www.micro-vehicules.com\/blog\/wp-content\/uploads\/2024\/04\/Hedin-vise-une-nouvelle-croissance-au-Royaume-Uni-avec-lancrage-de.jpg\" alt=\"Hedin-vise-une-nouvelle-croissance-au-Royaume-Uni-avec-lancrage-de\" width=\"620\" height=\"349\">Hedin Mobility, la soci\u00e9t\u00e9 su\u00e9doise dirig\u00e9e par Anders Hedin (photo), s&rsquo;est \u00e0 nouveau d\u00e9velopp\u00e9e avec l&rsquo;achat par l&rsquo;interm\u00e9diaire d&rsquo;une filiale du groupe de concessionnaires BMW et MINI Dubbelsteyn et de ses concessions pr\u00e8s de Rotterdam.<\/p>\n<p>Hedin est sur la piste des acquisitions.  L&rsquo;ann\u00e9e derni\u00e8re, elle a rachet\u00e9 les 21 concessions du Torpedo Gruppe en Allemagne, repr\u00e9sentant smart, Hyundai et Land Rover, ainsi que les concessions Renova BMW et MINI aux Pays-Bas.<\/p>\n<p>Hedin a \u00e9galement \u00e9t\u00e9 actif au Royaume-Uni.  En 2023, elle a achet\u00e9 les concessions Stephen James BMW, MINI, s&rsquo;ajoutant ainsi \u00e0 ses concessions Mercedes-Benz existantes.  Elle a \u00e9galement pr\u00e9sent\u00e9 deux offres infructueuses sur Pendragon, une seule et une autre dans le cadre d&rsquo;une alliance avec Penske.<\/p>\n<p>Eddy Haesendonck, CEO Hedin Automotive Benelux : \u00ab Nous sommes tr\u00e8s heureux de pouvoir ajouter Dubbelsteyn et tous les collaborateurs \u00e0 notre groupe.<\/p>\n<p>\u00ab\u00a0En plus de notre pr\u00e9sence actuelle de BMW et MINI dans le sud des Pays-Bas, nous \u00e9largissons consid\u00e9rablement notre position sur le march\u00e9 de BMW et MINI dans la r\u00e9gion.\u00a0\u00bb<\/p>\n<p>Par ailleurs, cette semaine, Hedin Automotive est devenu le d\u00e9taillant de XPENG en Belgique et au Luxembourg.  XPENG devrait arriver au Royaume-Uni.<\/p>\n<\/div>\n<p><script>\n!function(f,b,e,v,n,t,s)\n{if(f.fbq)return;n=f.fbq=function(){n.callMethod?\nn.callMethod.apply(n,arguments):n.queue.push(arguments)};\nif(!f._fbq)f._fbq=n;n.push=n;n.loaded=!0;n.version='2.0';\nn.queue=[];t=b.createElement(e);t.async=!0;\nt.src=v;s=b.getElementsByTagName(e)[0];\ns.parentNode.insertBefore(t,s)}(window, document,'script',\n'\nfbq('init', '268557668972986');\nfbq('track', 'PageView');\n<\/script><script>\n\twindow.___gcfg = {lang: 'en-US'};\n\t(function(w, d, s) {\n\t  function go(){\n\t\tvar js, fjs = d.getElementsByTagName(s)[0], load = function(url, id) {\n\t\t  if (d.getElementById(id)) {return;}\n\t\t  js = d.createElement(s); js.src = url; js.id = id;\n\t\t  fjs.parentNode.insertBefore(js, fjs);\n\t\t};\n\t\tload('\/\/connect.facebook.net\/en\/all.js#xfbml=1', 'fbjssdk');\n\t\tload(' 'gplus1js');\n\t\tload('\/\/platform.twitter.com\/widgets.js', 'tweetjs');\n\t  }\n\t  if (w.addEventListener) { w.addEventListener(\"load\", go, false); }\n\t  else if (w.attachEvent) { w.attachEvent(\"onload\",go); }\n\t}(window, document, 'script'));\n\t<\/script><\/p>\n<\/div>\n<p><img decoding=\"async\" class=\"wpe_imgrss\" src=\"https:\/\/www.micro-vehicules.com\/blog\/wp-content\/uploads\/2024\/04\/Hedin-vise-une-nouvelle-croissance-au-Royaume-Uni-avec-lancrage-de.jpg\">Pour vous, cet article autour du th\u00e8me \u00ab\u00a0Voitures sans permis\u00a0\u00bb vous est propos\u00e9 par micro-vehicules.com. La chronique est produite du mieux possible. Il est possible d\u2019\u00e9crire en utilisant les coordonn\u00e9es indiqu\u00e9es sur notre site web afin d&rsquo;apporter des d\u00e9tails sur ce contenu qui parle du th\u00e8me \u00ab\u00a0Voitures sans permis\u00a0\u00bb. La mission de micro-vehicules.com \u00e9tant de rassembler sur le web des infos sur le th\u00e8me de Voitures sans permis et ensuite les pr\u00e9senter en t\u00e2chant de r\u00e9pondre du mieux possible aux interrogations des personnes. En consultant de mani\u00e8re r\u00e9guli\u00e8re nos pages de blog vous serez inform\u00e9 des prochaines parutions.<\/p>\n","protected":false},"excerpt":{"rendered":"<p>Hedin Mobility, la soci\u00e9t\u00e9 su\u00e9doise dirig\u00e9e par Anders Hedin (photo), s&rsquo;est \u00e0 nouveau d\u00e9velopp\u00e9e avec l&rsquo;achat par l&rsquo;interm\u00e9diaire d&rsquo;une filiale du groupe de concessionnaires BMW et MINI Dubbelsteyn et de ses concessions pr\u00e8s de Rotterdam. Hedin est sur la piste des acquisitions. L&rsquo;ann\u00e9e derni\u00e8re, elle a rachet\u00e9 les 21 concessions du Torpedo Gruppe en Allemagne, repr\u00e9sentant smart, Hyundai et Land Rover, ainsi que les concessions Renova BMW et MINI aux Pays-Bas. Hedin a \u00e9galement \u00e9t\u00e9 actif au Royaume-Uni. En 2023, elle a achet\u00e9 les concessions Stephen James BMW, MINI, s&rsquo;ajoutant ainsi \u00e0 ses concessions Mercedes-Benz existantes. Elle a \u00e9galement pr\u00e9sent\u00e9\u2026<\/p>\n","protected":false},"author":2,"featured_media":589,"comment_status":"closed","ping_status":"closed","sticky":false,"template":"","format":"standard","meta":{"footnotes":""},"categories":[4],"tags":[],"class_list":["post-588","post","type-post","status-publish","format-standard","has-post-thumbnail","hentry","category-breves-sur-voitures-sans-permis"],"blocksy_meta":"","yoast_head":"<!-- This site is optimized with the Yoast SEO plugin v27.5 - https:\/\/yoast.com\/product\/yoast-seo-wordpress\/ -->\n<title>Hedin se lance sur la piste des acquisitions en Europe - MICRO-VEHICULES<\/title>\n<meta name=\"robots\" content=\"index, follow, max-snippet:-1, max-image-preview:large, max-video-preview:-1\" \/>\n<link rel=\"canonical\" href=\"https:\/\/www.micro-vehicules.com\/blog\/hedin-se-lance-sur-la-piste-des-acquisitions-en-europe\/\" \/>\n<meta property=\"og:locale\" content=\"fr_FR\" \/>\n<meta property=\"og:type\" content=\"article\" \/>\n<meta property=\"og:title\" content=\"Hedin se lance sur la piste des acquisitions en Europe - MICRO-VEHICULES\" \/>\n<meta property=\"og:description\" content=\"Hedin Mobility, la soci\u00e9t\u00e9 su\u00e9doise dirig\u00e9e par Anders Hedin (photo), s&rsquo;est \u00e0 nouveau d\u00e9velopp\u00e9e avec l&rsquo;achat par l&rsquo;interm\u00e9diaire d&rsquo;une filiale du groupe de concessionnaires BMW et MINI Dubbelsteyn et de ses concessions pr\u00e8s de Rotterdam. Hedin est sur la piste des acquisitions. L&rsquo;ann\u00e9e derni\u00e8re, elle a rachet\u00e9 les 21 concessions du Torpedo Gruppe en Allemagne, repr\u00e9sentant smart, Hyundai et Land Rover, ainsi que les concessions Renova BMW et MINI aux Pays-Bas. Hedin a \u00e9galement \u00e9t\u00e9 actif au Royaume-Uni. En 2023, elle a achet\u00e9 les concessions Stephen James BMW, MINI, s&rsquo;ajoutant ainsi \u00e0 ses concessions Mercedes-Benz existantes. Elle a \u00e9galement pr\u00e9sent\u00e9\u2026\" \/>\n<meta property=\"og:url\" content=\"https:\/\/www.micro-vehicules.com\/blog\/hedin-se-lance-sur-la-piste-des-acquisitions-en-europe\/\" \/>\n<meta property=\"og:site_name\" content=\"MICRO-VEHICULES\" \/>\n<meta property=\"article:published_time\" content=\"2024-04-19T23:21:54+00:00\" \/>\n<meta property=\"og:image\" content=\"https:\/\/www.micro-vehicules.com\/blog\/wp-content\/uploads\/2024\/04\/Hedin-vise-une-nouvelle-croissance-au-Royaume-Uni-avec-lancrage-de.jpg\" \/>\n<meta name=\"author\" content=\"Constant FOULE\" \/>\n<meta name=\"twitter:card\" content=\"summary_large_image\" \/>\n<meta name=\"twitter:label1\" content=\"\u00c9crit par\" \/>\n\t<meta name=\"twitter:data1\" content=\"Constant FOULE\" \/>\n\t<meta name=\"twitter:label2\" content=\"Dur\u00e9e de lecture estim\u00e9e\" \/>\n\t<meta name=\"twitter:data2\" content=\"2 minutes\" \/>\n<script type=\"application\/ld+json\" class=\"yoast-schema-graph\">{\"@context\":\"https:\\\/\\\/schema.org\",\"@graph\":[{\"@type\":\"Article\",\"@id\":\"https:\\\/\\\/www.micro-vehicules.com\\\/blog\\\/hedin-se-lance-sur-la-piste-des-acquisitions-en-europe\\\/#article\",\"isPartOf\":{\"@id\":\"https:\\\/\\\/www.micro-vehicules.com\\\/blog\\\/hedin-se-lance-sur-la-piste-des-acquisitions-en-europe\\\/\"},\"author\":{\"name\":\"Constant FOULE\",\"@id\":\"https:\\\/\\\/www.micro-vehicules.com\\\/blog\\\/#\\\/schema\\\/person\\\/fe2699af12675c9a6c81f5147411ac97\"},\"headline\":\"Hedin se lance sur la piste des acquisitions en Europe\",\"datePublished\":\"2024-04-19T23:21:54+00:00\",\"mainEntityOfPage\":{\"@id\":\"https:\\\/\\\/www.micro-vehicules.com\\\/blog\\\/hedin-se-lance-sur-la-piste-des-acquisitions-en-europe\\\/\"},\"wordCount\":324,\"publisher\":{\"@id\":\"https:\\\/\\\/www.micro-vehicules.com\\\/blog\\\/#organization\"},\"image\":{\"@id\":\"https:\\\/\\\/www.micro-vehicules.com\\\/blog\\\/hedin-se-lance-sur-la-piste-des-acquisitions-en-europe\\\/#primaryimage\"},\"thumbnailUrl\":\"https:\\\/\\\/www.micro-vehicules.com\\\/blog\\\/wp-content\\\/uploads\\\/2024\\\/04\\\/Hedin-vise-une-nouvelle-croissance-au-Royaume-Uni-avec-lancrage-de.jpg\",\"articleSection\":[\"Br\u00e8ves Sur Voitures Sans Permis:\"],\"inLanguage\":\"fr-FR\"},{\"@type\":\"WebPage\",\"@id\":\"https:\\\/\\\/www.micro-vehicules.com\\\/blog\\\/hedin-se-lance-sur-la-piste-des-acquisitions-en-europe\\\/\",\"url\":\"https:\\\/\\\/www.micro-vehicules.com\\\/blog\\\/hedin-se-lance-sur-la-piste-des-acquisitions-en-europe\\\/\",\"name\":\"Hedin se lance sur la piste des acquisitions en Europe - MICRO-VEHICULES\",\"isPartOf\":{\"@id\":\"https:\\\/\\\/www.micro-vehicules.com\\\/blog\\\/#website\"},\"primaryImageOfPage\":{\"@id\":\"https:\\\/\\\/www.micro-vehicules.com\\\/blog\\\/hedin-se-lance-sur-la-piste-des-acquisitions-en-europe\\\/#primaryimage\"},\"image\":{\"@id\":\"https:\\\/\\\/www.micro-vehicules.com\\\/blog\\\/hedin-se-lance-sur-la-piste-des-acquisitions-en-europe\\\/#primaryimage\"},\"thumbnailUrl\":\"https:\\\/\\\/www.micro-vehicules.com\\\/blog\\\/wp-content\\\/uploads\\\/2024\\\/04\\\/Hedin-vise-une-nouvelle-croissance-au-Royaume-Uni-avec-lancrage-de.jpg\",\"datePublished\":\"2024-04-19T23:21:54+00:00\",\"breadcrumb\":{\"@id\":\"https:\\\/\\\/www.micro-vehicules.com\\\/blog\\\/hedin-se-lance-sur-la-piste-des-acquisitions-en-europe\\\/#breadcrumb\"},\"inLanguage\":\"fr-FR\",\"potentialAction\":[{\"@type\":\"ReadAction\",\"target\":[\"https:\\\/\\\/www.micro-vehicules.com\\\/blog\\\/hedin-se-lance-sur-la-piste-des-acquisitions-en-europe\\\/\"]}]},{\"@type\":\"ImageObject\",\"inLanguage\":\"fr-FR\",\"@id\":\"https:\\\/\\\/www.micro-vehicules.com\\\/blog\\\/hedin-se-lance-sur-la-piste-des-acquisitions-en-europe\\\/#primaryimage\",\"url\":\"https:\\\/\\\/www.micro-vehicules.com\\\/blog\\\/wp-content\\\/uploads\\\/2024\\\/04\\\/Hedin-vise-une-nouvelle-croissance-au-Royaume-Uni-avec-lancrage-de.jpg\",\"contentUrl\":\"https:\\\/\\\/www.micro-vehicules.com\\\/blog\\\/wp-content\\\/uploads\\\/2024\\\/04\\\/Hedin-vise-une-nouvelle-croissance-au-Royaume-Uni-avec-lancrage-de.jpg\",\"width\":1024,\"height\":576},{\"@type\":\"BreadcrumbList\",\"@id\":\"https:\\\/\\\/www.micro-vehicules.com\\\/blog\\\/hedin-se-lance-sur-la-piste-des-acquisitions-en-europe\\\/#breadcrumb\",\"itemListElement\":[{\"@type\":\"ListItem\",\"position\":1,\"name\":\"Accueil\",\"item\":\"https:\\\/\\\/www.micro-vehicules.com\\\/blog\\\/\"},{\"@type\":\"ListItem\",\"position\":2,\"name\":\"Hedin se lance sur la piste des acquisitions en Europe\"}]},{\"@type\":\"WebSite\",\"@id\":\"https:\\\/\\\/www.micro-vehicules.com\\\/blog\\\/#website\",\"url\":\"https:\\\/\\\/www.micro-vehicules.com\\\/blog\\\/\",\"name\":\"MICRO-VEHICULES\",\"description\":\"Pour acheter une voiture sans permis.\",\"publisher\":{\"@id\":\"https:\\\/\\\/www.micro-vehicules.com\\\/blog\\\/#organization\"},\"potentialAction\":[{\"@type\":\"SearchAction\",\"target\":{\"@type\":\"EntryPoint\",\"urlTemplate\":\"https:\\\/\\\/www.micro-vehicules.com\\\/blog\\\/?s={search_term_string}\"},\"query-input\":{\"@type\":\"PropertyValueSpecification\",\"valueRequired\":true,\"valueName\":\"search_term_string\"}}],\"inLanguage\":\"fr-FR\"},{\"@type\":\"Organization\",\"@id\":\"https:\\\/\\\/www.micro-vehicules.com\\\/blog\\\/#organization\",\"name\":\"micro-vehicules\",\"url\":\"https:\\\/\\\/www.micro-vehicules.com\\\/blog\\\/\",\"logo\":{\"@type\":\"ImageObject\",\"inLanguage\":\"fr-FR\",\"@id\":\"https:\\\/\\\/www.micro-vehicules.com\\\/blog\\\/#\\\/schema\\\/logo\\\/image\\\/\",\"url\":\"https:\\\/\\\/www.micro-vehicules.com\\\/blog\\\/wp-content\\\/uploads\\\/2023\\\/06\\\/logo-2.png\",\"contentUrl\":\"https:\\\/\\\/www.micro-vehicules.com\\\/blog\\\/wp-content\\\/uploads\\\/2023\\\/06\\\/logo-2.png\",\"width\":340,\"height\":179,\"caption\":\"micro-vehicules\"},\"image\":{\"@id\":\"https:\\\/\\\/www.micro-vehicules.com\\\/blog\\\/#\\\/schema\\\/logo\\\/image\\\/\"}},{\"@type\":\"Person\",\"@id\":\"https:\\\/\\\/www.micro-vehicules.com\\\/blog\\\/#\\\/schema\\\/person\\\/fe2699af12675c9a6c81f5147411ac97\",\"name\":\"Constant FOULE\",\"image\":{\"@type\":\"ImageObject\",\"inLanguage\":\"fr-FR\",\"@id\":\"https:\\\/\\\/secure.gravatar.com\\\/avatar\\\/b89997095efd6ca2ab42b729fae544d241044664dbb4ec1b90634002c0516442?s=96&d=mm&r=g\",\"url\":\"https:\\\/\\\/secure.gravatar.com\\\/avatar\\\/b89997095efd6ca2ab42b729fae544d241044664dbb4ec1b90634002c0516442?s=96&d=mm&r=g\",\"contentUrl\":\"https:\\\/\\\/secure.gravatar.com\\\/avatar\\\/b89997095efd6ca2ab42b729fae544d241044664dbb4ec1b90634002c0516442?s=96&d=mm&r=g\",\"caption\":\"Constant FOULE\"},\"url\":\"https:\\\/\\\/www.micro-vehicules.com\\\/blog\\\/author\\\/lesconstant\\\/\"}]}<\/script>\n<!-- \/ Yoast SEO plugin. -->","yoast_head_json":{"title":"Hedin se lance sur la piste des acquisitions en Europe - MICRO-VEHICULES","robots":{"index":"index","follow":"follow","max-snippet":"max-snippet:-1","max-image-preview":"max-image-preview:large","max-video-preview":"max-video-preview:-1"},"canonical":"https:\/\/www.micro-vehicules.com\/blog\/hedin-se-lance-sur-la-piste-des-acquisitions-en-europe\/","og_locale":"fr_FR","og_type":"article","og_title":"Hedin se lance sur la piste des acquisitions en Europe - MICRO-VEHICULES","og_description":"Hedin Mobility, la soci\u00e9t\u00e9 su\u00e9doise dirig\u00e9e par Anders Hedin (photo), s&rsquo;est \u00e0 nouveau d\u00e9velopp\u00e9e avec l&rsquo;achat par l&rsquo;interm\u00e9diaire d&rsquo;une filiale du groupe de concessionnaires BMW et MINI Dubbelsteyn et de ses concessions pr\u00e8s de Rotterdam. Hedin est sur la piste des acquisitions. L&rsquo;ann\u00e9e derni\u00e8re, elle a rachet\u00e9 les 21 concessions du Torpedo Gruppe en Allemagne, repr\u00e9sentant smart, Hyundai et Land Rover, ainsi que les concessions Renova BMW et MINI aux Pays-Bas. Hedin a \u00e9galement \u00e9t\u00e9 actif au Royaume-Uni. En 2023, elle a achet\u00e9 les concessions Stephen James BMW, MINI, s&rsquo;ajoutant ainsi \u00e0 ses concessions Mercedes-Benz existantes. Elle a \u00e9galement pr\u00e9sent\u00e9\u2026","og_url":"https:\/\/www.micro-vehicules.com\/blog\/hedin-se-lance-sur-la-piste-des-acquisitions-en-europe\/","og_site_name":"MICRO-VEHICULES","article_published_time":"2024-04-19T23:21:54+00:00","og_image":[{"url":"https:\/\/www.micro-vehicules.com\/blog\/wp-content\/uploads\/2024\/04\/Hedin-vise-une-nouvelle-croissance-au-Royaume-Uni-avec-lancrage-de.jpg","type":"","width":"","height":""}],"author":"Constant FOULE","twitter_card":"summary_large_image","twitter_misc":{"\u00c9crit par":"Constant FOULE","Dur\u00e9e de lecture estim\u00e9e":"2 minutes"},"schema":{"@context":"https:\/\/schema.org","@graph":[{"@type":"Article","@id":"https:\/\/www.micro-vehicules.com\/blog\/hedin-se-lance-sur-la-piste-des-acquisitions-en-europe\/#article","isPartOf":{"@id":"https:\/\/www.micro-vehicules.com\/blog\/hedin-se-lance-sur-la-piste-des-acquisitions-en-europe\/"},"author":{"name":"Constant FOULE","@id":"https:\/\/www.micro-vehicules.com\/blog\/#\/schema\/person\/fe2699af12675c9a6c81f5147411ac97"},"headline":"Hedin se lance sur la piste des acquisitions en Europe","datePublished":"2024-04-19T23:21:54+00:00","mainEntityOfPage":{"@id":"https:\/\/www.micro-vehicules.com\/blog\/hedin-se-lance-sur-la-piste-des-acquisitions-en-europe\/"},"wordCount":324,"publisher":{"@id":"https:\/\/www.micro-vehicules.com\/blog\/#organization"},"image":{"@id":"https:\/\/www.micro-vehicules.com\/blog\/hedin-se-lance-sur-la-piste-des-acquisitions-en-europe\/#primaryimage"},"thumbnailUrl":"https:\/\/www.micro-vehicules.com\/blog\/wp-content\/uploads\/2024\/04\/Hedin-vise-une-nouvelle-croissance-au-Royaume-Uni-avec-lancrage-de.jpg","articleSection":["Br\u00e8ves Sur Voitures Sans Permis:"],"inLanguage":"fr-FR"},{"@type":"WebPage","@id":"https:\/\/www.micro-vehicules.com\/blog\/hedin-se-lance-sur-la-piste-des-acquisitions-en-europe\/","url":"https:\/\/www.micro-vehicules.com\/blog\/hedin-se-lance-sur-la-piste-des-acquisitions-en-europe\/","name":"Hedin se lance sur la piste des acquisitions en Europe - MICRO-VEHICULES","isPartOf":{"@id":"https:\/\/www.micro-vehicules.com\/blog\/#website"},"primaryImageOfPage":{"@id":"https:\/\/www.micro-vehicules.com\/blog\/hedin-se-lance-sur-la-piste-des-acquisitions-en-europe\/#primaryimage"},"image":{"@id":"https:\/\/www.micro-vehicules.com\/blog\/hedin-se-lance-sur-la-piste-des-acquisitions-en-europe\/#primaryimage"},"thumbnailUrl":"https:\/\/www.micro-vehicules.com\/blog\/wp-content\/uploads\/2024\/04\/Hedin-vise-une-nouvelle-croissance-au-Royaume-Uni-avec-lancrage-de.jpg","datePublished":"2024-04-19T23:21:54+00:00","breadcrumb":{"@id":"https:\/\/www.micro-vehicules.com\/blog\/hedin-se-lance-sur-la-piste-des-acquisitions-en-europe\/#breadcrumb"},"inLanguage":"fr-FR","potentialAction":[{"@type":"ReadAction","target":["https:\/\/www.micro-vehicules.com\/blog\/hedin-se-lance-sur-la-piste-des-acquisitions-en-europe\/"]}]},{"@type":"ImageObject","inLanguage":"fr-FR","@id":"https:\/\/www.micro-vehicules.com\/blog\/hedin-se-lance-sur-la-piste-des-acquisitions-en-europe\/#primaryimage","url":"https:\/\/www.micro-vehicules.com\/blog\/wp-content\/uploads\/2024\/04\/Hedin-vise-une-nouvelle-croissance-au-Royaume-Uni-avec-lancrage-de.jpg","contentUrl":"https:\/\/www.micro-vehicules.com\/blog\/wp-content\/uploads\/2024\/04\/Hedin-vise-une-nouvelle-croissance-au-Royaume-Uni-avec-lancrage-de.jpg","width":1024,"height":576},{"@type":"BreadcrumbList","@id":"https:\/\/www.micro-vehicules.com\/blog\/hedin-se-lance-sur-la-piste-des-acquisitions-en-europe\/#breadcrumb","itemListElement":[{"@type":"ListItem","position":1,"name":"Accueil","item":"https:\/\/www.micro-vehicules.com\/blog\/"},{"@type":"ListItem","position":2,"name":"Hedin se lance sur la piste des acquisitions en Europe"}]},{"@type":"WebSite","@id":"https:\/\/www.micro-vehicules.com\/blog\/#website","url":"https:\/\/www.micro-vehicules.com\/blog\/","name":"MICRO-VEHICULES","description":"Pour acheter une voiture sans permis.","publisher":{"@id":"https:\/\/www.micro-vehicules.com\/blog\/#organization"},"potentialAction":[{"@type":"SearchAction","target":{"@type":"EntryPoint","urlTemplate":"https:\/\/www.micro-vehicules.com\/blog\/?s={search_term_string}"},"query-input":{"@type":"PropertyValueSpecification","valueRequired":true,"valueName":"search_term_string"}}],"inLanguage":"fr-FR"},{"@type":"Organization","@id":"https:\/\/www.micro-vehicules.com\/blog\/#organization","name":"micro-vehicules","url":"https:\/\/www.micro-vehicules.com\/blog\/","logo":{"@type":"ImageObject","inLanguage":"fr-FR","@id":"https:\/\/www.micro-vehicules.com\/blog\/#\/schema\/logo\/image\/","url":"https:\/\/www.micro-vehicules.com\/blog\/wp-content\/uploads\/2023\/06\/logo-2.png","contentUrl":"https:\/\/www.micro-vehicules.com\/blog\/wp-content\/uploads\/2023\/06\/logo-2.png","width":340,"height":179,"caption":"micro-vehicules"},"image":{"@id":"https:\/\/www.micro-vehicules.com\/blog\/#\/schema\/logo\/image\/"}},{"@type":"Person","@id":"https:\/\/www.micro-vehicules.com\/blog\/#\/schema\/person\/fe2699af12675c9a6c81f5147411ac97","name":"Constant FOULE","image":{"@type":"ImageObject","inLanguage":"fr-FR","@id":"https:\/\/secure.gravatar.com\/avatar\/b89997095efd6ca2ab42b729fae544d241044664dbb4ec1b90634002c0516442?s=96&d=mm&r=g","url":"https:\/\/secure.gravatar.com\/avatar\/b89997095efd6ca2ab42b729fae544d241044664dbb4ec1b90634002c0516442?s=96&d=mm&r=g","contentUrl":"https:\/\/secure.gravatar.com\/avatar\/b89997095efd6ca2ab42b729fae544d241044664dbb4ec1b90634002c0516442?s=96&d=mm&r=g","caption":"Constant FOULE"},"url":"https:\/\/www.micro-vehicules.com\/blog\/author\/lesconstant\/"}]}},"_links":{"self":[{"href":"https:\/\/www.micro-vehicules.com\/blog\/wp-json\/wp\/v2\/posts\/588","targetHints":{"allow":["GET"]}}],"collection":[{"href":"https:\/\/www.micro-vehicules.com\/blog\/wp-json\/wp\/v2\/posts"}],"about":[{"href":"https:\/\/www.micro-vehicules.com\/blog\/wp-json\/wp\/v2\/types\/post"}],"author":[{"embeddable":true,"href":"https:\/\/www.micro-vehicules.com\/blog\/wp-json\/wp\/v2\/users\/2"}],"replies":[{"embeddable":true,"href":"https:\/\/www.micro-vehicules.com\/blog\/wp-json\/wp\/v2\/comments?post=588"}],"version-history":[{"count":0,"href":"https:\/\/www.micro-vehicules.com\/blog\/wp-json\/wp\/v2\/posts\/588\/revisions"}],"wp:featuredmedia":[{"embeddable":true,"href":"https:\/\/www.micro-vehicules.com\/blog\/wp-json\/wp\/v2\/media\/589"}],"wp:attachment":[{"href":"https:\/\/www.micro-vehicules.com\/blog\/wp-json\/wp\/v2\/media?parent=588"}],"wp:term":[{"taxonomy":"category","embeddable":true,"href":"https:\/\/www.micro-vehicules.com\/blog\/wp-json\/wp\/v2\/categories?post=588"},{"taxonomy":"post_tag","embeddable":true,"href":"https:\/\/www.micro-vehicules.com\/blog\/wp-json\/wp\/v2\/tags?post=588"}],"curies":[{"name":"wp","href":"https:\/\/api.w.org\/{rel}","templated":true}]}}