{"id":358,"date":"2023-11-27T17:01:39","date_gmt":"2023-11-27T16:01:39","guid":{"rendered":"https:\/\/www.micro-vehicules.com\/blog\/vorsteiner-bmw-e46-m3-avec-v-csl-carbonparts-pour-csl-replika\/"},"modified":"2023-11-27T17:01:39","modified_gmt":"2023-11-27T16:01:39","slug":"vorsteiner-bmw-e46-m3-avec-v-csl-carbonparts-pour-csl-replika","status":"publish","type":"post","link":"https:\/\/www.micro-vehicules.com\/blog\/vorsteiner-bmw-e46-m3-avec-v-csl-carbonparts-pour-csl-replika\/","title":{"rendered":"Vorsteiner BMW E46 M3 avec V-CSL Carbonparts pour CSL-Replika!"},"content":{"rendered":"<div><img loading=\"lazy\" width=\"580\" height=\"387\" src=\"https:\/\/www.micro-vehicules.com\/blog\/wp-content\/uploads\/2023\/11\/Vorsteiner-BMW-E46-M3-avec-V-CSL-Carbonparts-pour-CSL-Replika.jpg\" class=\"attachment-large size-large wp-post-image\" alt=\"Vorsteiner-BMW-E46-M3-avec-V-CSL-Carbonparts-pour-CSL-Replika\" style=\"float:left; margin:0 15px 15px 0;\" decoding=\"async\" srcset=\"https:\/\/www.micro-vehicules.com\/blog\/wp-content\/uploads\/2023\/11\/Vorsteiner-BMW-E46-M3-avec-V-CSL-Carbonparts-pour-CSL-Replika.jpg 830w, https:\/\/www.site.cdcl.xyz\/wp-content\/uploads\/2023\/11\/Vorsteiner-BMW-E46-M3-avec-V-CSL-Carbonparts-pour-CSL-Replika-300x200.jpg 300w, https:\/\/www.site.cdcl.xyz\/wp-content\/uploads\/2023\/11\/Vorsteiner-BMW-E46-M3-avec-V-CSL-Carbonparts-pour-CSL-Replika-768x513.jpg 768w\" sizes=\"auto, (max-width: 580px) 100vw, 580px\"><\/p>\n<div>\n<div class=\"bialty-container\">\n<p style=\"text-align:center\"><img fetchpriority=\"high\" decoding=\"async\" class=\"aligncenter size-full wp-image-485615\" src=\"https:\/\/www.micro-vehicules.com\/blog\/wp-content\/uploads\/2023\/11\/Vorsteiner-BMW-E46-M3-avec-V-CSL-Carbonparts-pour-CSL-Replika.jpg\" alt=\"Plus de liens\u00a0: Vorsteiner V-CSL Carbonparts pour la BMW M3 E46\u00a0!\" width=\"830\" height=\"554\" ezimgfmt=\"rs rscb9 src ng ngcb8 srcset\" loading=\"eager\" importance=\"high\"><\/p>\n<p><span id=\"ezoic-pub-ad-placeholder-155\" data-inserter-version=\"2\"><\/span><\/p>\n<p><em><span style=\"text-decoration:underline\">[<span style=\"color:#f60;text-decoration:underline\">Update<\/span>: <strong>27.11.2023<\/strong>]  Cette phrase de Beitrag <span style=\"color:#f60;text-decoration:underline\"><strong>actualis\u00e9<\/strong><\/span>um neuere Informationen zu ber\u00fccksichtigen<\/span>.<\/em> Soyez s\u00fbr que les fans de la BMW E46 M3 peuvent fonctionner avec le tuner am\u00e9ricain <strong>Vorsteiner<\/strong> Un certain nombre d\u2019ic\u00f4nes et de composants de r\u00e9glage les plus fiables sont les suivants: <strong>Programme fibre de carbone V-CSL <\/strong>est plus proche du d\u00e9marrage.  Apr\u00e8s une pause plus longue, c\u2019est le moment de la sortie, inspir\u00e9 de la l\u00e9gendaire BMW E46 CSL.  Ce n\u2019est pas blanc, la guerre CSL (ist) est une version plus l\u00e9g\u00e8re et plus moderne du M3, qui a \u00e9t\u00e9 cr\u00e9\u00e9e en janvier 2003 et 2004.  Le CSL (Coup\u00e9 Sport Leichtbau) est d\u00e9sormais dor\u00e9 et dor\u00e9, immerg\u00e9 dans un ma\u00eetre absolu de l\u2019ing\u00e9nierie et une ic\u00f4ne dans le monde BMW.<\/p>\n<p><span class=\"ezoic-autoinsert-video ezoic-under_first_paragraph\"><\/span><\/p>\n<h2 style=\"text-align:center\">Pi\u00e8ces en carbone Vorsteiner V-CSL<span id=\"ezoic-pub-ad-placeholder-624\" class=\"ezoic-adpicker-ad\"><\/span><\/h2>\n<p><strong>20 ans Vorsteiner<\/strong> \u2013 et zum Jubil\u00e4um hat das Unternehmen beschlossen, 103 Sets der <strong>Composants carbone V-CSL<\/strong> herzustellen, \u00e9tait la Leistung pro Liter Hubraum vom CSL M3 entspricht.  Les diff\u00e9rents composants des programmes en fibre de carbone V-CSL, l\u2019a\u00e9rodynamisme, la conduite et l\u2019optique du E46 M3 sont faciles \u00e0 utiliser, et ils incluent leur prix en euros (sous une ann\u00e9e de bourse de 1,10 USD \u00e0 EUR)\u00a0:<\/p>\n<p><span id=\"ezoic-pub-ad-placeholder-163\" data-inserter-version=\"2\"><\/span><\/p>\n<ul>\n<li><strong>Support avant V-CSL Aero<\/strong> Fibre de carbone PP 1\u00d71 brillant \u2013 etwa 2.268 \u20ac<\/li>\n<li><strong>R\u00e9partiteur de pare-chocs V-CSL E46 M3<\/strong> Fibre de carbone PP 1\u00d71 brillant (Ersatz) \u2013 prix 632 \u20ac<\/li>\n<li><strong>V-CSL Aero Plateau de coffre<\/strong> Fibre de carbone PP 1\u00d71 brillant \u2013 Nur Coup\u00e9 \u2013 environ 2.177 \u20ac<span id=\"ezoic-pub-ad-placeholder-164\" data-inserter-version=\"2\"><\/span><\/li>\n<li><strong>V-CSL Aero Heckdiffuseur<\/strong> Fibre de carbone PP 1\u00d71 brillant \u2013 disponible 1.359 \u20ac<\/li>\n<li><strong>Console centrale V-CSL<\/strong> Fibre de carbone PP 1\u00d71 brillant \u2013 etwa 905 \u20ac<\/li>\n<\/ul>\n<p><img loading=\"lazy\" decoding=\"async\" class=\"ezlazyload aligncenter size-full wp-image-485601\" alt=\"Plus de liens\u00a0: Vorsteiner V-CSL Carbonparts pour la BMW M3 E46\u00a0!\" width=\"1151\" height=\"768\" src=\"https:\/\/www.micro-vehicules.com\/blog\/wp-content\/uploads\/2023\/11\/1701099051_280_Vorsteiner-BMW-E46-M3-avec-V-CSL-Carbonparts-pour-CSL-Replika.jpg%201151w,https:\/\/www.tuningblog.eu\/wp-content\/uploads\/2023\/10\/Vorsteiner-V-CSL-Carbonparts-BMW-M3-E46-Tuning-2-155x103.jpg%20155w,https:\/\/www.tuningblog.eu\/wp-content\/uploads\/2023\/10\/Vorsteiner-V-CSL-Carbonparts-BMW-M3-E46-Tuning-2-190x127.jpg%20190w,https:\/\/www.tuningblog.eu\/wp-content\/uploads\/2023\/10\/Vorsteiner-V-CSL-Carbonparts-BMW-M3-E46-Tuning-2-135x90.jpg%20135w\" ezimgfmt=\"rs rscb9 src ng ngcb8 srcset\" data-ezsrc=\"https:\/\/www.micro-vehicules.com\/blog\/wp-content\/uploads\/2023\/11\/1701099051_280_Vorsteiner-BMW-E46-M3-avec-V-CSL-Carbonparts-pour-CSL-Replika.jpg\"><\/p>\n<p><span id=\"ezoic-pub-ad-placeholder-165\" data-inserter-version=\"2\"><\/span><\/p>\n<p>Tous les constructeurs sont fabriqu\u00e9s par des Vorsteiners 1\u00d71 Carbon et naturellement par des fabricants d\u2019autoclaves sp\u00e9cifiques et sont dirig\u00e9s directement vers les Vorsteiner en Californie.  Vorsteiner gibt an, dass meurt sicherstellt, dass die Komponenten die <strong>haute qualit\u00e9<\/strong>, Haltbarkeit und Passform haben, mit einem gl\u00e4nzenden Finish, dass die Carbonfaser perfekt in Szene setzt.  Avec le kit, vous obtenez le seltene et le Chance exclusif, le \u00ab M3 normal \u00bb dans un CSL \u00e0 utiliser.<\/p>\n<h3 style=\"text-align:center\">Plus d\u2019informations sur les deux c\u00f4t\u00e9s \u00ab\u00a0Normalo-M3\u00a0\u00bb et CSL<\/h3>\n<p>La BMW E46 M3 CSL, lanc\u00e9e en janvier 2003, a \u00e9t\u00e9 construite sur la E46 M3, apportant un soutien et un r\u00e9glage rapides avec cela, afin de r\u00e9duire le poids du v\u00e9hicule, de le rendre plus l\u00e9ger et de le rendre plus puissant.  Voici un des principaux sous-produits de la norme BMW E46 M3 et de la E46 M3 CSL\u00a0:<\/p>\n<p><span class=\"ezoic-autoinsert-ad ezoic-under_first_paragraph\"><\/span><\/p>\n<div style=\"overflow-x:auto;border:1px solid #000\">\n<table>\n<thead>\n<tr>\n<th colspan=\"3\">Comparer BMW E46 M3 contre E46 M3 CSL<\/th>\n<\/tr>\n<tr>\n<th>Cat\u00e9gorie<\/th>\n<th>E46M3<\/th>\n<th>E46 M3 CSL<\/p>\n<caption style=\"text-align:left\"><span style=\"color:#f60\"><strong><span style=\"font-size:.7em\">Hinweis: <\/span><\/strong><\/span><strong><em><span style=\"font-size:.7em\">La table n\u2019est-elle pas compl\u00e8tement visible\u00a0?  Puisse faire d\u00e9filer!<\/span><\/em><\/strong><\/caption>\n<\/th>\n<\/tr>\n<\/thead>\n<tbody>\n<tr>\n<td>Gewicht<\/td>\n<td>\u2013<\/td>\n<td>Utilisation de Kohlefaser et d\u2019Aluminium\u00a0;  110 kg l\u00e9ger comme le Standard-M3.<\/td>\n<\/tr>\n<tr>\n<td>Moteur<\/td>\n<td>3,2 litres-S54 avec 343 ch.<\/td>\n<td>Optimis\u00e9 3,2-Liter-S54 avec 360 PS.<\/td>\n<\/tr>\n<tr>\n<td>Getrieb\u00e9<\/td>\n<td>Manuel ou SMG<\/td>\n<td>Nur SMG II mit spezieller Software for schnellere Schaltzeiten.<\/td>\n<\/tr>\n<tr>\n<td>A\u00e9rodynamisme<\/td>\n<td>\u2013<\/td>\n<td>Erweiterte Aerodynamik, incl.  un grand spoiler et un grand diffuseur.<\/td>\n<\/tr>\n<tr>\n<td>Espace int\u00e9rieur<\/td>\n<td>Standardausstattung.<\/td>\n<td>Orient\u00e9 vers le sport automobile, avec de nouvelles options de montage et des options de si\u00e8ge l\u00e9g\u00e8res.<\/td>\n<\/tr>\n<tr>\n<td>Usine de fabrication<\/td>\n<td>Standard<\/td>\n<td>\u00dcberarbeitet mit speziellen Sto\u00dfd\u00e4mpfern, Federn etc.<\/td>\n<\/tr>\n<tr>\n<td>Felgen et Reifen<\/td>\n<td>Standard<\/td>\n<td>Leichte 19-Zoll-Mischbereifung mit Michelin Pilot Sport Cup-Reifen.<\/td>\n<\/tr>\n<tr>\n<td>Bremsanlage<\/td>\n<td>Standard<\/td>\n<td>Verbessert, um Rennstreckenbelastung zu meistern.<\/td>\n<\/tr>\n<tr>\n<td>Auspuffanlage<\/td>\n<td>Standard<\/td>\n<td>Leichtere et lautere Ausf\u00fchrung.<\/td>\n<\/tr>\n<tr>\n<td>Syst\u00e8me de transport a\u00e9rien<\/td>\n<td>Standard<\/td>\n<td>Syst\u00e8me de bo\u00eete \u00e0 air en carbone pour un son agressif.<\/td>\n<\/tr>\n<tr>\n<td>Heckklappe<\/td>\n<td>Standard<\/td>\n<td>Ducktail-Kohlefaser, un zus\u00e4tzliches Gewicht zu Sparen.<\/td>\n<\/tr>\n<\/tbody>\n<\/table>\n<\/div>\n<p><iframe loading=\"lazy\" title=\"BMW E46 M3 CSL: Mehr BMW-DNA geht nicht! - Fast Lap | auto motor und sport\" width=\"580\" height=\"326\" src=\"https:\/\/www.youtube.com\/embed\/N6gmktIRw9Q?feature=oembed\" frameborder=\"0\" allow=\"accelerometer; autoplay; clipboard-write; encrypted-media; gyroscope; picture-in-picture; web-share\" allowfullscreen><\/iframe><\/p>\n<p><span id=\"ezoic-pub-ad-placeholder-166\" data-inserter-version=\"2\"><\/span><\/p>\n<h4 style=\"text-align:center\">plus de sujets th\u00e9matiques pass\u00e9s<\/h4>\n<h5 style=\"text-align:center\">Plus de liens\u00a0: Vorsteiner V-CSL Carbonparts pour la BMW M3 E46\u00a0!<br \/><span style=\"font-size:.6em\">Bildnachweis \/ Quelle\u00a0: <span class=\"post-cats\">Vorsteiner<\/span> \/ bmwblog.com<\/span><\/h5>\n<h3 style=\"text-align:center\">Plus d\u2019images du 27.11.2023<\/h3>\n<p><img loading=\"lazy\" decoding=\"async\" class=\"ezlazyload aligncenter size-full wp-image-493003\" alt=\"Plus de liens\u00a0: Vorsteiner V-CSL Carbonparts pour la BMW M3 E46\u00a0!\" width=\"1920\" height=\"1281\" src=\"https:\/\/www.micro-vehicules.com\/blog\/wp-content\/uploads\/2023\/11\/1701099052_780_Vorsteiner-BMW-E46-M3-avec-V-CSL-Carbonparts-pour-CSL-Replika.jpg%201920w,https:\/\/www.tuningblog.eu\/wp-content\/uploads\/2023\/10\/Vorsteiner-V-CSL-Carbonparts-BMW-M3-E46-Bodykit-Tuning-3-155x103.jpg%20155w,https:\/\/www.tuningblog.eu\/wp-content\/uploads\/2023\/10\/Vorsteiner-V-CSL-Carbonparts-BMW-M3-E46-Bodykit-Tuning-3-190x127.jpg%20190w,https:\/\/www.tuningblog.eu\/wp-content\/uploads\/2023\/10\/Vorsteiner-V-CSL-Carbonparts-BMW-M3-E46-Bodykit-Tuning-3-135x90.jpg%20135w,https:\/\/www.tuningblog.eu\/wp-content\/uploads\/2023\/10\/Vorsteiner-V-CSL-Carbonparts-BMW-M3-E46-Bodykit-Tuning-3-1536x1025.jpg%201536w\" ezimgfmt=\"rs rscb9 src ng ngcb8 srcset\" data-ezsrc=\"https:\/\/www.micro-vehicules.com\/blog\/wp-content\/uploads\/2023\/11\/1701099052_780_Vorsteiner-BMW-E46-M3-avec-V-CSL-Carbonparts-pour-CSL-Replika.jpg\"><\/p>\n<ul>\n<li>Jubil\u00e4ums-Logo verbal<\/li>\n<li><strong>Pi\u00e8ces de carosserie en carbone<\/strong>: Sp\u00e9cialis\u00e9 pour le M3 E46 int\u00e9gr\u00e9, incluant Motorhaube, Frontsplitter, Heckdiffusor, CSL-Spoiler<span id=\"ezoic-pub-ad-placeholder-167\" data-inserter-version=\"2\"><\/span><\/li>\n<li>Nickel-Badge M3-Logo \u00e0 la commande du stylo \u00e0 bille<\/li>\n<li>Geschmiedete R\u00e4der mit Goldfinish<\/li>\n<\/ul>\n<h6 style=\"text-align:center\"><em>\u00ab (Site pour les pilotes automobiles) \u00bb \u2013 le magazine Tuning<\/em><\/h6>\n<p><span class=\"ezoic-autoinsert-video ezoic-longest_content\"><\/span><\/p>\n<\/div>\n<\/div>\n<\/div>\n<p><img decoding=\"async\" class=\"wpe_imgrss\" src=\"https:\/\/www.micro-vehicules.com\/blog\/wp-content\/uploads\/2023\/11\/Vorsteiner-BMW-E46-M3-avec-V-CSL-Carbonparts-pour-CSL-Replika.jpg\">Pour vous, cet article autour du th\u00e8me \u00ab\u00a0Voitures sans permis\u00a0\u00bb vous est propos\u00e9 par micro-vehicules.com. La chronique est produite du mieux possible. Il est possible d\u2019\u00e9crire en utilisant les coordonn\u00e9es indiqu\u00e9es sur notre site web afin d&rsquo;apporter des d\u00e9tails sur ce contenu qui parle du th\u00e8me \u00ab\u00a0Voitures sans permis\u00a0\u00bb. La mission de micro-vehicules.com \u00e9tant de rassembler sur le web des infos sur le th\u00e8me de Voitures sans permis et ensuite les pr\u00e9senter en t\u00e2chant de r\u00e9pondre du mieux possible aux interrogations des personnes. En consultant de mani\u00e8re r\u00e9guli\u00e8re nos pages de blog vous serez inform\u00e9 des prochaines parutions.<\/p>\n","protected":false},"excerpt":{"rendered":"<p>[Update: 27.11.2023] Cette phrase de Beitrag actualis\u00e9um neuere Informationen zu ber\u00fccksichtigen. Soyez s\u00fbr que les fans de la BMW E46 M3 peuvent fonctionner avec le tuner am\u00e9ricain Vorsteiner Un certain nombre d\u2019ic\u00f4nes et de composants de r\u00e9glage les plus fiables sont les suivants: Programme fibre de carbone V-CSL est plus proche du d\u00e9marrage. Apr\u00e8s une pause plus longue, c\u2019est le moment de la sortie, inspir\u00e9 de la l\u00e9gendaire BMW E46 CSL. Ce n\u2019est pas blanc, la guerre CSL (ist) est une version plus l\u00e9g\u00e8re et plus moderne du M3, qui a \u00e9t\u00e9 cr\u00e9\u00e9e en janvier 2003 et 2004. Le CSL\u2026<\/p>\n","protected":false},"author":2,"featured_media":359,"comment_status":"closed","ping_status":"closed","sticky":false,"template":"","format":"standard","meta":{"footnotes":""},"categories":[4],"tags":[],"class_list":["post-358","post","type-post","status-publish","format-standard","has-post-thumbnail","hentry","category-breves-sur-voitures-sans-permis"],"blocksy_meta":"","yoast_head":"<!-- This site is optimized with the Yoast SEO plugin v27.5 - https:\/\/yoast.com\/product\/yoast-seo-wordpress\/ -->\n<title>Vorsteiner BMW E46 M3 avec V-CSL Carbonparts pour CSL-Replika! - MICRO-VEHICULES<\/title>\n<meta name=\"robots\" content=\"index, follow, max-snippet:-1, max-image-preview:large, max-video-preview:-1\" \/>\n<link rel=\"canonical\" href=\"https:\/\/www.micro-vehicules.com\/blog\/vorsteiner-bmw-e46-m3-avec-v-csl-carbonparts-pour-csl-replika\/\" \/>\n<meta property=\"og:locale\" content=\"fr_FR\" \/>\n<meta property=\"og:type\" content=\"article\" \/>\n<meta property=\"og:title\" content=\"Vorsteiner BMW E46 M3 avec V-CSL Carbonparts pour CSL-Replika! - MICRO-VEHICULES\" \/>\n<meta property=\"og:description\" content=\"[Update: 27.11.2023] Cette phrase de Beitrag actualis\u00e9um neuere Informationen zu ber\u00fccksichtigen. Soyez s\u00fbr que les fans de la BMW E46 M3 peuvent fonctionner avec le tuner am\u00e9ricain Vorsteiner Un certain nombre d\u2019ic\u00f4nes et de composants de r\u00e9glage les plus fiables sont les suivants: Programme fibre de carbone V-CSL est plus proche du d\u00e9marrage. Apr\u00e8s une pause plus longue, c\u2019est le moment de la sortie, inspir\u00e9 de la l\u00e9gendaire BMW E46 CSL. Ce n\u2019est pas blanc, la guerre CSL (ist) est une version plus l\u00e9g\u00e8re et plus moderne du M3, qui a \u00e9t\u00e9 cr\u00e9\u00e9e en janvier 2003 et 2004. Le CSL\u2026\" \/>\n<meta property=\"og:url\" content=\"https:\/\/www.micro-vehicules.com\/blog\/vorsteiner-bmw-e46-m3-avec-v-csl-carbonparts-pour-csl-replika\/\" \/>\n<meta property=\"og:site_name\" content=\"MICRO-VEHICULES\" \/>\n<meta property=\"article:published_time\" content=\"2023-11-27T16:01:39+00:00\" \/>\n<meta property=\"og:image\" content=\"https:\/\/www.micro-vehicules.com\/blog\/wp-content\/uploads\/2023\/11\/Vorsteiner-BMW-E46-M3-avec-V-CSL-Carbonparts-pour-CSL-Replika.jpg\" \/>\n<meta name=\"author\" content=\"Constant FOULE\" \/>\n<meta name=\"twitter:card\" content=\"summary_large_image\" \/>\n<meta name=\"twitter:label1\" content=\"\u00c9crit par\" \/>\n\t<meta name=\"twitter:data1\" content=\"Constant FOULE\" \/>\n\t<meta name=\"twitter:label2\" content=\"Dur\u00e9e de lecture estim\u00e9e\" \/>\n\t<meta name=\"twitter:data2\" content=\"4 minutes\" \/>\n<script type=\"application\/ld+json\" class=\"yoast-schema-graph\">{\"@context\":\"https:\\\/\\\/schema.org\",\"@graph\":[{\"@type\":\"Article\",\"@id\":\"https:\\\/\\\/www.micro-vehicules.com\\\/blog\\\/vorsteiner-bmw-e46-m3-avec-v-csl-carbonparts-pour-csl-replika\\\/#article\",\"isPartOf\":{\"@id\":\"https:\\\/\\\/www.micro-vehicules.com\\\/blog\\\/vorsteiner-bmw-e46-m3-avec-v-csl-carbonparts-pour-csl-replika\\\/\"},\"author\":{\"name\":\"Constant FOULE\",\"@id\":\"https:\\\/\\\/www.micro-vehicules.com\\\/blog\\\/#\\\/schema\\\/person\\\/fe2699af12675c9a6c81f5147411ac97\"},\"headline\":\"Vorsteiner BMW E46 M3 avec V-CSL Carbonparts pour CSL-Replika!\",\"datePublished\":\"2023-11-27T16:01:39+00:00\",\"mainEntityOfPage\":{\"@id\":\"https:\\\/\\\/www.micro-vehicules.com\\\/blog\\\/vorsteiner-bmw-e46-m3-avec-v-csl-carbonparts-pour-csl-replika\\\/\"},\"wordCount\":773,\"publisher\":{\"@id\":\"https:\\\/\\\/www.micro-vehicules.com\\\/blog\\\/#organization\"},\"image\":{\"@id\":\"https:\\\/\\\/www.micro-vehicules.com\\\/blog\\\/vorsteiner-bmw-e46-m3-avec-v-csl-carbonparts-pour-csl-replika\\\/#primaryimage\"},\"thumbnailUrl\":\"https:\\\/\\\/www.micro-vehicules.com\\\/blog\\\/wp-content\\\/uploads\\\/2023\\\/11\\\/Vorsteiner-BMW-E46-M3-avec-V-CSL-Carbonparts-pour-CSL-Replika.jpg\",\"articleSection\":[\"Br\u00e8ves Sur Voitures Sans Permis:\"],\"inLanguage\":\"fr-FR\"},{\"@type\":\"WebPage\",\"@id\":\"https:\\\/\\\/www.micro-vehicules.com\\\/blog\\\/vorsteiner-bmw-e46-m3-avec-v-csl-carbonparts-pour-csl-replika\\\/\",\"url\":\"https:\\\/\\\/www.micro-vehicules.com\\\/blog\\\/vorsteiner-bmw-e46-m3-avec-v-csl-carbonparts-pour-csl-replika\\\/\",\"name\":\"Vorsteiner BMW E46 M3 avec V-CSL Carbonparts pour CSL-Replika! - MICRO-VEHICULES\",\"isPartOf\":{\"@id\":\"https:\\\/\\\/www.micro-vehicules.com\\\/blog\\\/#website\"},\"primaryImageOfPage\":{\"@id\":\"https:\\\/\\\/www.micro-vehicules.com\\\/blog\\\/vorsteiner-bmw-e46-m3-avec-v-csl-carbonparts-pour-csl-replika\\\/#primaryimage\"},\"image\":{\"@id\":\"https:\\\/\\\/www.micro-vehicules.com\\\/blog\\\/vorsteiner-bmw-e46-m3-avec-v-csl-carbonparts-pour-csl-replika\\\/#primaryimage\"},\"thumbnailUrl\":\"https:\\\/\\\/www.micro-vehicules.com\\\/blog\\\/wp-content\\\/uploads\\\/2023\\\/11\\\/Vorsteiner-BMW-E46-M3-avec-V-CSL-Carbonparts-pour-CSL-Replika.jpg\",\"datePublished\":\"2023-11-27T16:01:39+00:00\",\"breadcrumb\":{\"@id\":\"https:\\\/\\\/www.micro-vehicules.com\\\/blog\\\/vorsteiner-bmw-e46-m3-avec-v-csl-carbonparts-pour-csl-replika\\\/#breadcrumb\"},\"inLanguage\":\"fr-FR\",\"potentialAction\":[{\"@type\":\"ReadAction\",\"target\":[\"https:\\\/\\\/www.micro-vehicules.com\\\/blog\\\/vorsteiner-bmw-e46-m3-avec-v-csl-carbonparts-pour-csl-replika\\\/\"]}]},{\"@type\":\"ImageObject\",\"inLanguage\":\"fr-FR\",\"@id\":\"https:\\\/\\\/www.micro-vehicules.com\\\/blog\\\/vorsteiner-bmw-e46-m3-avec-v-csl-carbonparts-pour-csl-replika\\\/#primaryimage\",\"url\":\"https:\\\/\\\/www.micro-vehicules.com\\\/blog\\\/wp-content\\\/uploads\\\/2023\\\/11\\\/Vorsteiner-BMW-E46-M3-avec-V-CSL-Carbonparts-pour-CSL-Replika.jpg\",\"contentUrl\":\"https:\\\/\\\/www.micro-vehicules.com\\\/blog\\\/wp-content\\\/uploads\\\/2023\\\/11\\\/Vorsteiner-BMW-E46-M3-avec-V-CSL-Carbonparts-pour-CSL-Replika.jpg\",\"width\":830,\"height\":554},{\"@type\":\"BreadcrumbList\",\"@id\":\"https:\\\/\\\/www.micro-vehicules.com\\\/blog\\\/vorsteiner-bmw-e46-m3-avec-v-csl-carbonparts-pour-csl-replika\\\/#breadcrumb\",\"itemListElement\":[{\"@type\":\"ListItem\",\"position\":1,\"name\":\"Accueil\",\"item\":\"https:\\\/\\\/www.micro-vehicules.com\\\/blog\\\/\"},{\"@type\":\"ListItem\",\"position\":2,\"name\":\"Vorsteiner BMW E46 M3 avec V-CSL Carbonparts pour CSL-Replika!\"}]},{\"@type\":\"WebSite\",\"@id\":\"https:\\\/\\\/www.micro-vehicules.com\\\/blog\\\/#website\",\"url\":\"https:\\\/\\\/www.micro-vehicules.com\\\/blog\\\/\",\"name\":\"MICRO-VEHICULES\",\"description\":\"Pour acheter une voiture sans permis.\",\"publisher\":{\"@id\":\"https:\\\/\\\/www.micro-vehicules.com\\\/blog\\\/#organization\"},\"potentialAction\":[{\"@type\":\"SearchAction\",\"target\":{\"@type\":\"EntryPoint\",\"urlTemplate\":\"https:\\\/\\\/www.micro-vehicules.com\\\/blog\\\/?s={search_term_string}\"},\"query-input\":{\"@type\":\"PropertyValueSpecification\",\"valueRequired\":true,\"valueName\":\"search_term_string\"}}],\"inLanguage\":\"fr-FR\"},{\"@type\":\"Organization\",\"@id\":\"https:\\\/\\\/www.micro-vehicules.com\\\/blog\\\/#organization\",\"name\":\"micro-vehicules\",\"url\":\"https:\\\/\\\/www.micro-vehicules.com\\\/blog\\\/\",\"logo\":{\"@type\":\"ImageObject\",\"inLanguage\":\"fr-FR\",\"@id\":\"https:\\\/\\\/www.micro-vehicules.com\\\/blog\\\/#\\\/schema\\\/logo\\\/image\\\/\",\"url\":\"https:\\\/\\\/www.micro-vehicules.com\\\/blog\\\/wp-content\\\/uploads\\\/2023\\\/06\\\/logo-2.png\",\"contentUrl\":\"https:\\\/\\\/www.micro-vehicules.com\\\/blog\\\/wp-content\\\/uploads\\\/2023\\\/06\\\/logo-2.png\",\"width\":340,\"height\":179,\"caption\":\"micro-vehicules\"},\"image\":{\"@id\":\"https:\\\/\\\/www.micro-vehicules.com\\\/blog\\\/#\\\/schema\\\/logo\\\/image\\\/\"}},{\"@type\":\"Person\",\"@id\":\"https:\\\/\\\/www.micro-vehicules.com\\\/blog\\\/#\\\/schema\\\/person\\\/fe2699af12675c9a6c81f5147411ac97\",\"name\":\"Constant FOULE\",\"image\":{\"@type\":\"ImageObject\",\"inLanguage\":\"fr-FR\",\"@id\":\"https:\\\/\\\/secure.gravatar.com\\\/avatar\\\/b89997095efd6ca2ab42b729fae544d241044664dbb4ec1b90634002c0516442?s=96&d=mm&r=g\",\"url\":\"https:\\\/\\\/secure.gravatar.com\\\/avatar\\\/b89997095efd6ca2ab42b729fae544d241044664dbb4ec1b90634002c0516442?s=96&d=mm&r=g\",\"contentUrl\":\"https:\\\/\\\/secure.gravatar.com\\\/avatar\\\/b89997095efd6ca2ab42b729fae544d241044664dbb4ec1b90634002c0516442?s=96&d=mm&r=g\",\"caption\":\"Constant FOULE\"},\"url\":\"https:\\\/\\\/www.micro-vehicules.com\\\/blog\\\/author\\\/lesconstant\\\/\"}]}<\/script>\n<!-- \/ Yoast SEO plugin. -->","yoast_head_json":{"title":"Vorsteiner BMW E46 M3 avec V-CSL Carbonparts pour CSL-Replika! - MICRO-VEHICULES","robots":{"index":"index","follow":"follow","max-snippet":"max-snippet:-1","max-image-preview":"max-image-preview:large","max-video-preview":"max-video-preview:-1"},"canonical":"https:\/\/www.micro-vehicules.com\/blog\/vorsteiner-bmw-e46-m3-avec-v-csl-carbonparts-pour-csl-replika\/","og_locale":"fr_FR","og_type":"article","og_title":"Vorsteiner BMW E46 M3 avec V-CSL Carbonparts pour CSL-Replika! - MICRO-VEHICULES","og_description":"[Update: 27.11.2023] Cette phrase de Beitrag actualis\u00e9um neuere Informationen zu ber\u00fccksichtigen. Soyez s\u00fbr que les fans de la BMW E46 M3 peuvent fonctionner avec le tuner am\u00e9ricain Vorsteiner Un certain nombre d\u2019ic\u00f4nes et de composants de r\u00e9glage les plus fiables sont les suivants: Programme fibre de carbone V-CSL est plus proche du d\u00e9marrage. Apr\u00e8s une pause plus longue, c\u2019est le moment de la sortie, inspir\u00e9 de la l\u00e9gendaire BMW E46 CSL. Ce n\u2019est pas blanc, la guerre CSL (ist) est une version plus l\u00e9g\u00e8re et plus moderne du M3, qui a \u00e9t\u00e9 cr\u00e9\u00e9e en janvier 2003 et 2004. Le CSL\u2026","og_url":"https:\/\/www.micro-vehicules.com\/blog\/vorsteiner-bmw-e46-m3-avec-v-csl-carbonparts-pour-csl-replika\/","og_site_name":"MICRO-VEHICULES","article_published_time":"2023-11-27T16:01:39+00:00","og_image":[{"url":"https:\/\/www.micro-vehicules.com\/blog\/wp-content\/uploads\/2023\/11\/Vorsteiner-BMW-E46-M3-avec-V-CSL-Carbonparts-pour-CSL-Replika.jpg","type":"","width":"","height":""}],"author":"Constant FOULE","twitter_card":"summary_large_image","twitter_misc":{"\u00c9crit par":"Constant FOULE","Dur\u00e9e de lecture estim\u00e9e":"4 minutes"},"schema":{"@context":"https:\/\/schema.org","@graph":[{"@type":"Article","@id":"https:\/\/www.micro-vehicules.com\/blog\/vorsteiner-bmw-e46-m3-avec-v-csl-carbonparts-pour-csl-replika\/#article","isPartOf":{"@id":"https:\/\/www.micro-vehicules.com\/blog\/vorsteiner-bmw-e46-m3-avec-v-csl-carbonparts-pour-csl-replika\/"},"author":{"name":"Constant FOULE","@id":"https:\/\/www.micro-vehicules.com\/blog\/#\/schema\/person\/fe2699af12675c9a6c81f5147411ac97"},"headline":"Vorsteiner BMW E46 M3 avec V-CSL Carbonparts pour CSL-Replika!","datePublished":"2023-11-27T16:01:39+00:00","mainEntityOfPage":{"@id":"https:\/\/www.micro-vehicules.com\/blog\/vorsteiner-bmw-e46-m3-avec-v-csl-carbonparts-pour-csl-replika\/"},"wordCount":773,"publisher":{"@id":"https:\/\/www.micro-vehicules.com\/blog\/#organization"},"image":{"@id":"https:\/\/www.micro-vehicules.com\/blog\/vorsteiner-bmw-e46-m3-avec-v-csl-carbonparts-pour-csl-replika\/#primaryimage"},"thumbnailUrl":"https:\/\/www.micro-vehicules.com\/blog\/wp-content\/uploads\/2023\/11\/Vorsteiner-BMW-E46-M3-avec-V-CSL-Carbonparts-pour-CSL-Replika.jpg","articleSection":["Br\u00e8ves Sur Voitures Sans Permis:"],"inLanguage":"fr-FR"},{"@type":"WebPage","@id":"https:\/\/www.micro-vehicules.com\/blog\/vorsteiner-bmw-e46-m3-avec-v-csl-carbonparts-pour-csl-replika\/","url":"https:\/\/www.micro-vehicules.com\/blog\/vorsteiner-bmw-e46-m3-avec-v-csl-carbonparts-pour-csl-replika\/","name":"Vorsteiner BMW E46 M3 avec V-CSL Carbonparts pour CSL-Replika! - MICRO-VEHICULES","isPartOf":{"@id":"https:\/\/www.micro-vehicules.com\/blog\/#website"},"primaryImageOfPage":{"@id":"https:\/\/www.micro-vehicules.com\/blog\/vorsteiner-bmw-e46-m3-avec-v-csl-carbonparts-pour-csl-replika\/#primaryimage"},"image":{"@id":"https:\/\/www.micro-vehicules.com\/blog\/vorsteiner-bmw-e46-m3-avec-v-csl-carbonparts-pour-csl-replika\/#primaryimage"},"thumbnailUrl":"https:\/\/www.micro-vehicules.com\/blog\/wp-content\/uploads\/2023\/11\/Vorsteiner-BMW-E46-M3-avec-V-CSL-Carbonparts-pour-CSL-Replika.jpg","datePublished":"2023-11-27T16:01:39+00:00","breadcrumb":{"@id":"https:\/\/www.micro-vehicules.com\/blog\/vorsteiner-bmw-e46-m3-avec-v-csl-carbonparts-pour-csl-replika\/#breadcrumb"},"inLanguage":"fr-FR","potentialAction":[{"@type":"ReadAction","target":["https:\/\/www.micro-vehicules.com\/blog\/vorsteiner-bmw-e46-m3-avec-v-csl-carbonparts-pour-csl-replika\/"]}]},{"@type":"ImageObject","inLanguage":"fr-FR","@id":"https:\/\/www.micro-vehicules.com\/blog\/vorsteiner-bmw-e46-m3-avec-v-csl-carbonparts-pour-csl-replika\/#primaryimage","url":"https:\/\/www.micro-vehicules.com\/blog\/wp-content\/uploads\/2023\/11\/Vorsteiner-BMW-E46-M3-avec-V-CSL-Carbonparts-pour-CSL-Replika.jpg","contentUrl":"https:\/\/www.micro-vehicules.com\/blog\/wp-content\/uploads\/2023\/11\/Vorsteiner-BMW-E46-M3-avec-V-CSL-Carbonparts-pour-CSL-Replika.jpg","width":830,"height":554},{"@type":"BreadcrumbList","@id":"https:\/\/www.micro-vehicules.com\/blog\/vorsteiner-bmw-e46-m3-avec-v-csl-carbonparts-pour-csl-replika\/#breadcrumb","itemListElement":[{"@type":"ListItem","position":1,"name":"Accueil","item":"https:\/\/www.micro-vehicules.com\/blog\/"},{"@type":"ListItem","position":2,"name":"Vorsteiner BMW E46 M3 avec V-CSL Carbonparts pour CSL-Replika!"}]},{"@type":"WebSite","@id":"https:\/\/www.micro-vehicules.com\/blog\/#website","url":"https:\/\/www.micro-vehicules.com\/blog\/","name":"MICRO-VEHICULES","description":"Pour acheter une voiture sans permis.","publisher":{"@id":"https:\/\/www.micro-vehicules.com\/blog\/#organization"},"potentialAction":[{"@type":"SearchAction","target":{"@type":"EntryPoint","urlTemplate":"https:\/\/www.micro-vehicules.com\/blog\/?s={search_term_string}"},"query-input":{"@type":"PropertyValueSpecification","valueRequired":true,"valueName":"search_term_string"}}],"inLanguage":"fr-FR"},{"@type":"Organization","@id":"https:\/\/www.micro-vehicules.com\/blog\/#organization","name":"micro-vehicules","url":"https:\/\/www.micro-vehicules.com\/blog\/","logo":{"@type":"ImageObject","inLanguage":"fr-FR","@id":"https:\/\/www.micro-vehicules.com\/blog\/#\/schema\/logo\/image\/","url":"https:\/\/www.micro-vehicules.com\/blog\/wp-content\/uploads\/2023\/06\/logo-2.png","contentUrl":"https:\/\/www.micro-vehicules.com\/blog\/wp-content\/uploads\/2023\/06\/logo-2.png","width":340,"height":179,"caption":"micro-vehicules"},"image":{"@id":"https:\/\/www.micro-vehicules.com\/blog\/#\/schema\/logo\/image\/"}},{"@type":"Person","@id":"https:\/\/www.micro-vehicules.com\/blog\/#\/schema\/person\/fe2699af12675c9a6c81f5147411ac97","name":"Constant FOULE","image":{"@type":"ImageObject","inLanguage":"fr-FR","@id":"https:\/\/secure.gravatar.com\/avatar\/b89997095efd6ca2ab42b729fae544d241044664dbb4ec1b90634002c0516442?s=96&d=mm&r=g","url":"https:\/\/secure.gravatar.com\/avatar\/b89997095efd6ca2ab42b729fae544d241044664dbb4ec1b90634002c0516442?s=96&d=mm&r=g","contentUrl":"https:\/\/secure.gravatar.com\/avatar\/b89997095efd6ca2ab42b729fae544d241044664dbb4ec1b90634002c0516442?s=96&d=mm&r=g","caption":"Constant FOULE"},"url":"https:\/\/www.micro-vehicules.com\/blog\/author\/lesconstant\/"}]}},"_links":{"self":[{"href":"https:\/\/www.micro-vehicules.com\/blog\/wp-json\/wp\/v2\/posts\/358","targetHints":{"allow":["GET"]}}],"collection":[{"href":"https:\/\/www.micro-vehicules.com\/blog\/wp-json\/wp\/v2\/posts"}],"about":[{"href":"https:\/\/www.micro-vehicules.com\/blog\/wp-json\/wp\/v2\/types\/post"}],"author":[{"embeddable":true,"href":"https:\/\/www.micro-vehicules.com\/blog\/wp-json\/wp\/v2\/users\/2"}],"replies":[{"embeddable":true,"href":"https:\/\/www.micro-vehicules.com\/blog\/wp-json\/wp\/v2\/comments?post=358"}],"version-history":[{"count":0,"href":"https:\/\/www.micro-vehicules.com\/blog\/wp-json\/wp\/v2\/posts\/358\/revisions"}],"wp:featuredmedia":[{"embeddable":true,"href":"https:\/\/www.micro-vehicules.com\/blog\/wp-json\/wp\/v2\/media\/359"}],"wp:attachment":[{"href":"https:\/\/www.micro-vehicules.com\/blog\/wp-json\/wp\/v2\/media?parent=358"}],"wp:term":[{"taxonomy":"category","embeddable":true,"href":"https:\/\/www.micro-vehicules.com\/blog\/wp-json\/wp\/v2\/categories?post=358"},{"taxonomy":"post_tag","embeddable":true,"href":"https:\/\/www.micro-vehicules.com\/blog\/wp-json\/wp\/v2\/tags?post=358"}],"curies":[{"name":"wp","href":"https:\/\/api.w.org\/{rel}","templated":true}]}}