{"id":250,"date":"2023-09-25T15:51:53","date_gmt":"2023-09-25T13:51:53","guid":{"rendered":"https:\/\/www.micro-vehicules.com\/blog\/trio-zum-abschied-vom-ferrari-812-superfast\/"},"modified":"2023-09-25T15:51:53","modified_gmt":"2023-09-25T13:51:53","slug":"trio-zum-abschied-vom-ferrari-812-superfast","status":"publish","type":"post","link":"https:\/\/www.micro-vehicules.com\/blog\/trio-zum-abschied-vom-ferrari-812-superfast\/","title":{"rendered":"Trio zum Abschied vom Ferrari 812 Superfast!"},"content":{"rendered":"<div><img width=\"580\" height=\"386\" src=\"https:\/\/www.micro-vehicules.com\/blog\/wp-content\/uploads\/2023\/09\/Trio-zum-Abschied-vom-Ferrari-812-Superfast.jpg\" class=\"attachment-large size-large wp-post-image\" alt=\"Trio-zum-Abschied-vom-Ferrari-812-Superfast\" decoding=\"async\" style=\"float:left; margin:0 15px 15px 0;\" loading=\"lazy\" srcset=\"https:\/\/www.micro-vehicules.com\/blog\/wp-content\/uploads\/2023\/09\/Trio-zum-Abschied-vom-Ferrari-812-Superfast.jpg 1024w, https:\/\/www.site.cdcl.xyz\/wp-content\/uploads\/2023\/09\/Trio-zum-Abschied-vom-Ferrari-812-Superfast-300x200.jpg 300w, https:\/\/www.site.cdcl.xyz\/wp-content\/uploads\/2023\/09\/Trio-zum-Abschied-vom-Ferrari-812-Superfast-768x512.jpg 768w\" sizes=\"auto, (max-width: 580px) 100vw, 580px\"><\/p>\n<div>\n<p style=\"text-align:center\"><img decoding=\"async\" fetchpriority=\"high\" class=\"aligncenter size-full wp-image-484154\" src=\"https:\/\/www.micro-vehicules.com\/blog\/wp-content\/uploads\/2023\/09\/Trio-zum-Abschied-vom-Ferrari-812-Superfast.jpg\" alt=\"NOVITEC 812 N LARGO S Trio Ferrari 812 Superfast 4\" width=\"1152\" height=\"768\" ezimgfmt=\"rs rscb2 src ng ngcb2 srcset\" loading=\"eager\" importance=\"high\"><\/p>\n<p><span id=\"ezoic-pub-ad-placeholder-155\" data-inserter-version=\"2\"><\/span><\/p>\n<p>N-LARGO\u00a0: Unter diesem Label entwickelt and fertigt der deutsche Veredler NOVITEC spektakul\u00e4re Breitversionen f\u00fcr die weltweit exklusivsten Sportwagen.  De nos jours, c\u2019est extravagant et seltener wird, lorsque ce type de type est d\u00e9fini avec un \u00ab\u00a0S\u00a0\u00bb erg\u00e4nzt wird.  Avec un monde auf nur trois Fahrzeuge limitierten Sonderserie zelebriert der NOVITEC N-LARGO S jetzt den Abschied vom Ferrari 812 Superfast.  Toutes les voitures cette \u00e9dition sont vendues.  Die aus leichtem, aber hochfestem Carbon gefertigten Karosseriekomponenten erhielten f\u00fcr cette Special Edition ein ausgefeiltes Update: Die breiteren Kotfl\u00fcgel vorn und die Verbreiterungen an der Hinterachse machen den Zweisitzer 14 Zentimeter breiter als das Serienauto and optimieren im Zusammenspiel mit den den uen Seiten schwellern die Aerodynamik.<\/p>\n<p><span class=\"ezoic-autoinsert-video ezoic-under_first_paragraph\"><\/span><\/p>\n<h2 style=\"text-align:center\">NOVITEC 812 N-LARGO S<\/h2>\n<p>Ebenfalls neu gestaltet wurde heckpartie mit dem nahtlos integrierten Heckspoiler im besonders Markanten et aerodynamisch effizienten Ducktail-Design.  Auch die Leichtmetallfelgen erhielten in Kooperation mit Vossen ein neues Design.  Dans le 21 Durchmesser Vorn et dans le 22 Zoll an der Hinterachse betonen die mit Hilfe von State-of-the-Art-Schmiedetechnologie hergestellten R\u00e4der mit f\u00fcnf Doppelspeichen die Keilform ces High-End-Sportwagens.  Le 6,5 litres V12 a \u00e9galement \u00e9t\u00e9 modifi\u00e9 par NOVITEC.  Avec 40 Pferdest\u00e4rken plus beschleunigt du N-LARGO S en seulement 2,8 secondes sur Tempo 100.<\/p>\n<p><span id=\"ezoic-pub-ad-placeholder-163\" data-inserter-version=\"2\"><\/span><\/p>\n<p><iframe loading=\"lazy\" title=\"Novitec Ferrari 812 N-Largo S, 1of3 last N\/A V12 N-Largo\u00b4s worldwide  \/ The Supercar Diaries\" width=\"580\" height=\"326\" src=\"https:\/\/www.youtube.com\/embed\/rD1TewJiUwA?feature=oembed\" frameborder=\"0\" allow=\"accelerometer; autoplay; clipboard-write; encrypted-media; gyroscope; picture-in-picture; web-share\" allowfullscreen><\/iframe><\/p>\n<p>La vitesse \u00e9lev\u00e9e du vent atteint 345 km\/h.  Auf Kundenwunsch gestaltet NOVITEC auch das Cockpit bis in letzte Detail nach dem Geschmack des N-LARGO S Eigners.  Les meilleurs v\u00e9hicules de construction de cette Supersportwagen donnent d\u2019abord des indications et cette perspective est la plus int\u00e9ressante: avec un garde-corps de l\u2019exact 211 Zentimetern et l\u2019arri\u00e8re-achse \u00fcbertrifft du NOVITEC N-LARGO S une s\u00e9rie de mod\u00e8les 812 Superfast d\u2019un exakt 14 Zentime ter.  Pour les trois mod\u00e8les Boliden de ces mod\u00e8les, ceux de la manufacture d\u2019Allemagne du Sud ont \u00e9t\u00e9 cr\u00e9\u00e9s, le designer Vittorio Strosek l\u2019a fait \u00e0 la main et dans la version britannique.  Il s\u2019agit de l\u2019utilisation des Kotfl\u00fcgelverbreiterungen, die nahtlos mit der Serienkarosserie verbunden werden, un noch markanteres Profile.<\/p>\n<p><span class=\"ezoic-autoinsert-video ezoic-under_second_paragraph\"><\/span><\/p>\n<h3 style=\"text-align:center\">NOVITEC NF 11 N-LARGO S R\u00e4der<\/h3>\n<p>In den den vergr\u00f6\u00dferten Radh\u00e4usern an Vorder- and Hinterachse ist Platz for die speziell vom amerikanischen Felgenproduzenten Vossen f\u00fcr diese Breitversion neu konstruierten NOVITEC NF 11 N-LARGO S R\u00e4der.  Votre filigrane Design mit f\u00fcnf zum Rand auslaufenden Doppelspeichen wird unter Einsatz von High-End-Schmiedetechnologie et State-of-the-Art CNC-Bearbeitungszentren realisiert.  Il s\u2019agit donc d\u2019une combinaison parfaite entre le b\u00e2timent et la grande f\u00eate.  Un champ de vision optique est celui de l\u2019extr\u00eame konkav en forme de Radstern der beiden Hinterachsfelgen de la taille 12,5Jx22.  Die Reifen est un mod\u00e8le de transport \u00e9lev\u00e9 avec la masse 335\/25 ZR 22.<\/p>\n<p><span id=\"ezoic-pub-ad-placeholder-164\" data-inserter-version=\"2\"><\/span><\/p>\n<p>Die ebenfalls neu gestalteten Sicht-Carbon-Seitenschweller verbinden aerodynamisch optimal die Hinteren Verbreiterungen mit den vorderen N-LARGO S Kotfl\u00fcgeln.  Sie ersetzen die Serienteile komplett und machen den deuxweit\u00fcrer an der Vorderachse beben Zentimeter breiter als das Basisauto.  Un meilleur choix pour l\u2019optique, comme ici zehn Breite R\u00e4der mit 21 Zoll Durchmesser zum Einsatz.  La Bereifung parfaite est ici la taille 275\/30 ZR 21 gew\u00e4hlt.  Une optique comme les jeux de roues a\u00e9rodynamiques du mod\u00e8le N-LARGO S et le spoiler des mod\u00e8les de sonde NOVITEC.<\/p>\n<p><span class=\"ezoic-autoinsert-ad ezoic-under_first_paragraph\"><\/span><\/p>\n<h3 style=\"text-align:center\">mit komplett neuer Frontsch\u00fcrze<\/h3>\n<p><span class=\"ezoic-autoinsert-video ezoic-mid_content\"><\/span><\/p>\n<p>Le nouveau frontsch\u00fcrze, le s\u00e9rienteil complet a \u00e9t\u00e9 install\u00e9 et le breiteren Kotfl\u00fcgel adapt\u00e9 wurde, donc le centre de protection contre le carbone-frontspoiler ne verleihen dem Zweisitzer n\u2019ur un frontansicht agressif: Ihre im Windkanal optimierte Formgebung reduziert the aerodynamischen Auftrieb and de r Vorderachse, je meurs Fahrstabilit\u00e4t bei hohen Geschwindigkeiten weiter wird.<\/p>\n<p><iframe loading=\"lazy\" title=\"Novitec Ferrari 812 N-Largo S only exhaust sound (V12 HEAVEN)\" width=\"580\" height=\"326\" src=\"https:\/\/www.youtube.com\/embed\/MLVcD5w3GMI?feature=oembed\" frameborder=\"0\" allow=\"accelerometer; autoplay; clipboard-write; encrypted-media; gyroscope; picture-in-picture; web-share\" allowfullscreen><\/iframe><\/p>\n<p><span id=\"ezoic-pub-ad-placeholder-165\" data-inserter-version=\"2\"><\/span><\/p>\n<p>Le pendentif \u00e0 l\u2019efficacit\u00e9 a\u00e9rodynamique est le meilleur du nouveau becquet N-LARGO S dans le design Ducktail con\u00e7u, avec les lignes de s\u00e9curit\u00e9 du pare-chocs en carbone parfaitement angestr\u00e9es et de plus en plus d\u2019entreprises a\u00e9rodynamiques produites.  Design et fonctionnalit\u00e9 adapt\u00e9s \u00e0 la combinaison du diffuseur et du N-LARGO S Hecksch\u00fcrze.  Grande Liebe zum D\u00e9tail d\u00e9montr\u00e9 auch die N-LARGO S Blenden pour les liaisons a\u00e9riennes et droit auf der Motorhaube sowie die Sicht- Carbon-Cover pour die Seitenspiegel.  L\u2019aufregenden Auftritt des ultimativen NOVITEC Boliden sur la base de la Ferrari 812 Superfast abzurunden et die Fahrdynamik weiter zu steigern, let NOVITEC den Zweisitzer mit speziellen Sportfedern um ca.  Attache de 35 millim\u00e8tres.<\/p>\n<p><span class=\"ezoic-autoinsert-video ezoic-long_content\"><\/span><\/p>\n<div id=\"gallery-2\" class=\"gallery galleryid-484151 gallery-columns-2 gallery-size-full\">\n<figure class=\"gallery-item\">\n<div class=\"gallery-icon portrait\"><img width=\"683\" height=\"1024\" src=\"data:image\/svg+xml,%3Csvg%20xmlns=%22http:\/\/www.w3.org\/2000\/svg%22%20width=%22683%22%20height=%221024%22%3E%3C\/svg%3E\" class=\"ezlazyload attachment-full size-full\" alt=\"NOVITEC 812 N LARGO S Trio Ferrari 812 Superfast 2\" decoding=\"async\" loading=\"lazy\" data-ez ezimgfmt=\"rs rscb2 src ng ngcb2 srcset\" data-ezsrc=\"https:\/\/www.micro-vehicules.com\/blog\/wp-content\/uploads\/2023\/09\/1695650339_73_Trio-zum-Abschied-vom-Ferrari-812-Superfast.jpg\"><\/div>\n<\/figure>\n<figure class=\"gallery-item\">\n<div class=\"gallery-icon portrait\"><img width=\"683\" height=\"1024\" src=\"data:image\/svg+xml,%3Csvg%20xmlns=%22http:\/\/www.w3.org\/2000\/svg%22%20width=%22683%22%20height=%221024%22%3E%3C\/svg%3E\" class=\"ezlazyload attachment-full size-full\" alt=\"NOVITEC 812 N LARGO S Trio Ferrari 812 Superfast 5\" decoding=\"async\" loading=\"lazy\" data-ez ezimgfmt=\"rs rscb2 src ng ngcb2 srcset\" data-ezsrc=\"https:\/\/www.micro-vehicules.com\/blog\/wp-content\/uploads\/2023\/09\/1695650340_643_Trio-zum-Abschied-vom-Ferrari-812-Superfast.jpg\"><\/div>\n<\/figure>\n<\/div>\n<p>Les rampes d\u2019acc\u00e8s au Parkhaus ou au Speed \u200b\u200bBumper sont disponibles avec le syst\u00e8me de levage avant en option et votre commande est plus facile et sans contact.  Durch das Bet\u00e4tigen des Knopfes wird die Vorderachse gr\u00e2ce \u00e0 l\u2019hydraulischen H\u00f6henverstellung um ungef\u00e4hr 40 Millimeter angehoben.  La position du v\u00e9hicule se fait par pression sur le bouton ou automatiquement \u00e0 une vitesse de 80 km\/h.<\/p>\n<p><span class=\"ezoic-autoinsert-video ezoic-longer_content\"><\/span><\/p>\n<h3 style=\"text-align:center\">840 ch et 751 Nm Drehmoment<\/h3>\n<p>Voir aussi l\u2019aper\u00e7u des performances des techniciens NOVITEC den Sportwagen nach.  Dazu wird das 6,5 Liter Zw\u00f6lfzylinder-Vierventil-Triebwerk mit einer modifizierten Motorelektronik aufger\u00fcstet.  Mit new Kennfeldern f\u00fcr Z\u00fcndung und Einspritzung produziert der Motor 40 Pferdest\u00e4rken more als in der serienm\u00e4\u00dfigen Configuration.  Avec 618 kW \/ 840 ch \u00e0 8 750 tr\/min et 751 Nm, le N-LARGO S herausragende Fahrleistungen est disponible en seulement 2,8 secondes avec le mod\u00e8le Limited Edition \u00e0 100 km\/h.  La vitesse \u00e9lev\u00e9e du vent atteint 345 km\/h.<\/p>\n<p><span id=\"ezoic-pub-ad-placeholder-166\" data-inserter-version=\"2\"><\/span><\/p>\n<p><img decoding=\"async\" loading=\"lazy\" class=\"ezlazyload aligncenter size-full wp-image-484162\" src=\"data:image\/svg+xml,%3Csvg%20xmlns=%22http:\/\/www.w3.org\/2000\/svg%22%20width=%221152%22%20height=%22768%22%3E%3C\/svg%3E\" alt=\"NOVITEC 812 N LARGO S Trio Ferrari 812 Superfast 12\" width=\"1152\" height=\"768\" data-ez ezimgfmt=\"rs rscb2 src ng ngcb2 srcset\" data-ezsrc=\"https:\/\/www.micro-vehicules.com\/blog\/wp-content\/uploads\/2023\/09\/1695650340_355_Trio-zum-Abschied-vom-Ferrari-812-Superfast.jpg\"><\/p>\n<p>Le v\u00e9hicule de transport de marchandises NOVITEC, adapt\u00e9 \u00e0 d\u2019autres syst\u00e8mes de claquement et \u00e0 des instruments en acier ou \u00e0 INCONEL, n\u2019est pas adapt\u00e9 \u00e0 l\u2019optimisation du syst\u00e8me de conduite : vous avez g\u00e9n\u00e9r\u00e9 un V12-Motorsound, de l\u2019optique spectaculaire de ce v\u00e9hicule de sport absolu. vraiment vrai.  Au\u00dferdem kann, je nach gew\u00e4hlter Variante, un Gewichtsersparnis von bis zu elf Kilogramm erreicht werden.  En outre, le cockpit offre une individualit\u00e9 exclusive \u00e0 NOVITEC dans la culture r\u00e9invent\u00e9e\u00a0: l\u2019espace int\u00e9rieur peut \u00eatre plac\u00e9 dans une haute qualit\u00e9 en cuir et alcantara auf die W\u00fcnsche individueln des Fahrzeugeigners abgestimmt werden.<\/p>\n<p><span class=\"ezoic-autoinsert-ad ezoic-under_second_paragraph\"><\/span><\/p>\n<p style=\"text-align:center\"><img decoding=\"async\" loading=\"lazy\" class=\"ezlazyload aligncenter size-full wp-image-484153\" src=\"data:image\/svg+xml,%3Csvg%20xmlns=%22http:\/\/www.w3.org\/2000\/svg%22%20width=%221152%22%20height=%22768%22%3E%3C\/svg%3E\" alt=\"NOVITEC 812 N LARGO S Trio Ferrari 812 Superfast 3\" width=\"1152\" height=\"768\" data-ez ezimgfmt=\"rs rscb2 src ng ngcb2 srcset\" data-ezsrc=\"https:\/\/www.micro-vehicules.com\/blog\/wp-content\/uploads\/2023\/09\/1695650340_67_Trio-zum-Abschied-vom-Ferrari-812-Superfast.jpg\"><\/p>\n<p><span id=\"ezoic-pub-ad-placeholder-167\" data-inserter-version=\"2\"><\/span><\/p>\n<h4 style=\"text-align:center\">plus de sujets th\u00e9matiques pass\u00e9s<\/h4>\n<p><span class=\"ezoic-autoinsert-video ezoic-longest_content\"><\/span><\/p>\n<h5 style=\"text-align:center\">NOVITEC 812 N-LARGO S : Trio pour la Ferrari 812 Superfast !<br \/><span style=\"font-size:.6em\">Bildnachweis \/ Quelle: Groupe Novitec<\/span><\/h5>\n<h6 style=\"text-align:center\"><em>\u00ab (Site pour les pilotes automobiles) \u00bb \u2013 le magazine Tuning<\/em><\/h6>\n<\/div>\n<\/div>\n<p><img decoding=\"async\" class=\"wpe_imgrss\" src=\"https:\/\/www.micro-vehicules.com\/blog\/wp-content\/uploads\/2023\/09\/Trio-zum-Abschied-vom-Ferrari-812-Superfast.jpg\">Pour vous, cet article autour du th\u00e8me \u00ab\u00a0Voitures sans permis\u00a0\u00bb vous est propos\u00e9 par micro-vehicules.com. La chronique est produite du mieux possible. Il est possible d\u2019\u00e9crire en utilisant les coordonn\u00e9es indiqu\u00e9es sur notre site web afin d&rsquo;apporter des d\u00e9tails sur ce contenu qui parle du th\u00e8me \u00ab\u00a0Voitures sans permis\u00a0\u00bb. La mission de micro-vehicules.com \u00e9tant de rassembler sur le web des infos sur le th\u00e8me de Voitures sans permis et ensuite les pr\u00e9senter en t\u00e2chant de r\u00e9pondre du mieux possible aux interrogations des personnes. En consultant de mani\u00e8re r\u00e9guli\u00e8re nos pages de blog vous serez inform\u00e9 des prochaines parutions.<\/p>\n","protected":false},"excerpt":{"rendered":"<p>N-LARGO\u00a0: Unter diesem Label entwickelt and fertigt der deutsche Veredler NOVITEC spektakul\u00e4re Breitversionen f\u00fcr die weltweit exklusivsten Sportwagen. De nos jours, c\u2019est extravagant et seltener wird, lorsque ce type de type est d\u00e9fini avec un \u00ab\u00a0S\u00a0\u00bb erg\u00e4nzt wird. Avec un monde auf nur trois Fahrzeuge limitierten Sonderserie zelebriert der NOVITEC N-LARGO S jetzt den Abschied vom Ferrari 812 Superfast. Toutes les voitures cette \u00e9dition sont vendues. Die aus leichtem, aber hochfestem Carbon gefertigten Karosseriekomponenten erhielten f\u00fcr cette Special Edition ein ausgefeiltes Update: Die breiteren Kotfl\u00fcgel vorn und die Verbreiterungen an der Hinterachse machen den Zweisitzer 14 Zentimeter breiter als das\u2026<\/p>\n","protected":false},"author":2,"featured_media":251,"comment_status":"closed","ping_status":"closed","sticky":false,"template":"","format":"standard","meta":{"footnotes":""},"categories":[4],"tags":[],"class_list":["post-250","post","type-post","status-publish","format-standard","has-post-thumbnail","hentry","category-breves-sur-voitures-sans-permis"],"blocksy_meta":"","yoast_head":"<!-- This site is optimized with the Yoast SEO plugin v27.5 - https:\/\/yoast.com\/product\/yoast-seo-wordpress\/ -->\n<title>Trio zum Abschied vom Ferrari 812 Superfast! - MICRO-VEHICULES<\/title>\n<meta name=\"robots\" content=\"index, follow, max-snippet:-1, max-image-preview:large, max-video-preview:-1\" \/>\n<link rel=\"canonical\" href=\"https:\/\/www.micro-vehicules.com\/blog\/trio-zum-abschied-vom-ferrari-812-superfast\/\" \/>\n<meta property=\"og:locale\" content=\"fr_FR\" \/>\n<meta property=\"og:type\" content=\"article\" \/>\n<meta property=\"og:title\" content=\"Trio zum Abschied vom Ferrari 812 Superfast! - MICRO-VEHICULES\" \/>\n<meta property=\"og:description\" content=\"N-LARGO\u00a0: Unter diesem Label entwickelt and fertigt der deutsche Veredler NOVITEC spektakul\u00e4re Breitversionen f\u00fcr die weltweit exklusivsten Sportwagen. De nos jours, c\u2019est extravagant et seltener wird, lorsque ce type de type est d\u00e9fini avec un \u00ab\u00a0S\u00a0\u00bb erg\u00e4nzt wird. Avec un monde auf nur trois Fahrzeuge limitierten Sonderserie zelebriert der NOVITEC N-LARGO S jetzt den Abschied vom Ferrari 812 Superfast. Toutes les voitures cette \u00e9dition sont vendues. Die aus leichtem, aber hochfestem Carbon gefertigten Karosseriekomponenten erhielten f\u00fcr cette Special Edition ein ausgefeiltes Update: Die breiteren Kotfl\u00fcgel vorn und die Verbreiterungen an der Hinterachse machen den Zweisitzer 14 Zentimeter breiter als das\u2026\" \/>\n<meta property=\"og:url\" content=\"https:\/\/www.micro-vehicules.com\/blog\/trio-zum-abschied-vom-ferrari-812-superfast\/\" \/>\n<meta property=\"og:site_name\" content=\"MICRO-VEHICULES\" \/>\n<meta property=\"article:published_time\" content=\"2023-09-25T13:51:53+00:00\" \/>\n<meta property=\"og:image\" content=\"https:\/\/www.micro-vehicules.com\/blog\/wp-content\/uploads\/2023\/09\/Trio-zum-Abschied-vom-Ferrari-812-Superfast.jpg\" \/>\n<meta name=\"author\" content=\"Constant FOULE\" \/>\n<meta name=\"twitter:card\" content=\"summary_large_image\" \/>\n<meta name=\"twitter:label1\" content=\"\u00c9crit par\" \/>\n\t<meta name=\"twitter:data1\" content=\"Constant FOULE\" \/>\n\t<meta name=\"twitter:label2\" content=\"Dur\u00e9e de lecture estim\u00e9e\" \/>\n\t<meta name=\"twitter:data2\" content=\"6 minutes\" \/>\n<script type=\"application\/ld+json\" class=\"yoast-schema-graph\">{\"@context\":\"https:\\\/\\\/schema.org\",\"@graph\":[{\"@type\":\"Article\",\"@id\":\"https:\\\/\\\/www.micro-vehicules.com\\\/blog\\\/trio-zum-abschied-vom-ferrari-812-superfast\\\/#article\",\"isPartOf\":{\"@id\":\"https:\\\/\\\/www.micro-vehicules.com\\\/blog\\\/trio-zum-abschied-vom-ferrari-812-superfast\\\/\"},\"author\":{\"name\":\"Constant FOULE\",\"@id\":\"https:\\\/\\\/www.micro-vehicules.com\\\/blog\\\/#\\\/schema\\\/person\\\/fe2699af12675c9a6c81f5147411ac97\"},\"headline\":\"Trio zum Abschied vom Ferrari 812 Superfast!\",\"datePublished\":\"2023-09-25T13:51:53+00:00\",\"mainEntityOfPage\":{\"@id\":\"https:\\\/\\\/www.micro-vehicules.com\\\/blog\\\/trio-zum-abschied-vom-ferrari-812-superfast\\\/\"},\"wordCount\":1122,\"publisher\":{\"@id\":\"https:\\\/\\\/www.micro-vehicules.com\\\/blog\\\/#organization\"},\"image\":{\"@id\":\"https:\\\/\\\/www.micro-vehicules.com\\\/blog\\\/trio-zum-abschied-vom-ferrari-812-superfast\\\/#primaryimage\"},\"thumbnailUrl\":\"https:\\\/\\\/www.micro-vehicules.com\\\/blog\\\/wp-content\\\/uploads\\\/2023\\\/09\\\/Trio-zum-Abschied-vom-Ferrari-812-Superfast.jpg\",\"articleSection\":[\"Br\u00e8ves Sur Voitures Sans Permis:\"],\"inLanguage\":\"fr-FR\"},{\"@type\":\"WebPage\",\"@id\":\"https:\\\/\\\/www.micro-vehicules.com\\\/blog\\\/trio-zum-abschied-vom-ferrari-812-superfast\\\/\",\"url\":\"https:\\\/\\\/www.micro-vehicules.com\\\/blog\\\/trio-zum-abschied-vom-ferrari-812-superfast\\\/\",\"name\":\"Trio zum Abschied vom Ferrari 812 Superfast! - MICRO-VEHICULES\",\"isPartOf\":{\"@id\":\"https:\\\/\\\/www.micro-vehicules.com\\\/blog\\\/#website\"},\"primaryImageOfPage\":{\"@id\":\"https:\\\/\\\/www.micro-vehicules.com\\\/blog\\\/trio-zum-abschied-vom-ferrari-812-superfast\\\/#primaryimage\"},\"image\":{\"@id\":\"https:\\\/\\\/www.micro-vehicules.com\\\/blog\\\/trio-zum-abschied-vom-ferrari-812-superfast\\\/#primaryimage\"},\"thumbnailUrl\":\"https:\\\/\\\/www.micro-vehicules.com\\\/blog\\\/wp-content\\\/uploads\\\/2023\\\/09\\\/Trio-zum-Abschied-vom-Ferrari-812-Superfast.jpg\",\"datePublished\":\"2023-09-25T13:51:53+00:00\",\"breadcrumb\":{\"@id\":\"https:\\\/\\\/www.micro-vehicules.com\\\/blog\\\/trio-zum-abschied-vom-ferrari-812-superfast\\\/#breadcrumb\"},\"inLanguage\":\"fr-FR\",\"potentialAction\":[{\"@type\":\"ReadAction\",\"target\":[\"https:\\\/\\\/www.micro-vehicules.com\\\/blog\\\/trio-zum-abschied-vom-ferrari-812-superfast\\\/\"]}]},{\"@type\":\"ImageObject\",\"inLanguage\":\"fr-FR\",\"@id\":\"https:\\\/\\\/www.micro-vehicules.com\\\/blog\\\/trio-zum-abschied-vom-ferrari-812-superfast\\\/#primaryimage\",\"url\":\"https:\\\/\\\/www.micro-vehicules.com\\\/blog\\\/wp-content\\\/uploads\\\/2023\\\/09\\\/Trio-zum-Abschied-vom-Ferrari-812-Superfast.jpg\",\"contentUrl\":\"https:\\\/\\\/www.micro-vehicules.com\\\/blog\\\/wp-content\\\/uploads\\\/2023\\\/09\\\/Trio-zum-Abschied-vom-Ferrari-812-Superfast.jpg\",\"width\":1024,\"height\":682},{\"@type\":\"BreadcrumbList\",\"@id\":\"https:\\\/\\\/www.micro-vehicules.com\\\/blog\\\/trio-zum-abschied-vom-ferrari-812-superfast\\\/#breadcrumb\",\"itemListElement\":[{\"@type\":\"ListItem\",\"position\":1,\"name\":\"Accueil\",\"item\":\"https:\\\/\\\/www.micro-vehicules.com\\\/blog\\\/\"},{\"@type\":\"ListItem\",\"position\":2,\"name\":\"Trio zum Abschied vom Ferrari 812 Superfast!\"}]},{\"@type\":\"WebSite\",\"@id\":\"https:\\\/\\\/www.micro-vehicules.com\\\/blog\\\/#website\",\"url\":\"https:\\\/\\\/www.micro-vehicules.com\\\/blog\\\/\",\"name\":\"MICRO-VEHICULES\",\"description\":\"Pour acheter une voiture sans permis.\",\"publisher\":{\"@id\":\"https:\\\/\\\/www.micro-vehicules.com\\\/blog\\\/#organization\"},\"potentialAction\":[{\"@type\":\"SearchAction\",\"target\":{\"@type\":\"EntryPoint\",\"urlTemplate\":\"https:\\\/\\\/www.micro-vehicules.com\\\/blog\\\/?s={search_term_string}\"},\"query-input\":{\"@type\":\"PropertyValueSpecification\",\"valueRequired\":true,\"valueName\":\"search_term_string\"}}],\"inLanguage\":\"fr-FR\"},{\"@type\":\"Organization\",\"@id\":\"https:\\\/\\\/www.micro-vehicules.com\\\/blog\\\/#organization\",\"name\":\"micro-vehicules\",\"url\":\"https:\\\/\\\/www.micro-vehicules.com\\\/blog\\\/\",\"logo\":{\"@type\":\"ImageObject\",\"inLanguage\":\"fr-FR\",\"@id\":\"https:\\\/\\\/www.micro-vehicules.com\\\/blog\\\/#\\\/schema\\\/logo\\\/image\\\/\",\"url\":\"https:\\\/\\\/www.micro-vehicules.com\\\/blog\\\/wp-content\\\/uploads\\\/2023\\\/06\\\/logo-2.png\",\"contentUrl\":\"https:\\\/\\\/www.micro-vehicules.com\\\/blog\\\/wp-content\\\/uploads\\\/2023\\\/06\\\/logo-2.png\",\"width\":340,\"height\":179,\"caption\":\"micro-vehicules\"},\"image\":{\"@id\":\"https:\\\/\\\/www.micro-vehicules.com\\\/blog\\\/#\\\/schema\\\/logo\\\/image\\\/\"}},{\"@type\":\"Person\",\"@id\":\"https:\\\/\\\/www.micro-vehicules.com\\\/blog\\\/#\\\/schema\\\/person\\\/fe2699af12675c9a6c81f5147411ac97\",\"name\":\"Constant FOULE\",\"image\":{\"@type\":\"ImageObject\",\"inLanguage\":\"fr-FR\",\"@id\":\"https:\\\/\\\/secure.gravatar.com\\\/avatar\\\/b89997095efd6ca2ab42b729fae544d241044664dbb4ec1b90634002c0516442?s=96&d=mm&r=g\",\"url\":\"https:\\\/\\\/secure.gravatar.com\\\/avatar\\\/b89997095efd6ca2ab42b729fae544d241044664dbb4ec1b90634002c0516442?s=96&d=mm&r=g\",\"contentUrl\":\"https:\\\/\\\/secure.gravatar.com\\\/avatar\\\/b89997095efd6ca2ab42b729fae544d241044664dbb4ec1b90634002c0516442?s=96&d=mm&r=g\",\"caption\":\"Constant FOULE\"},\"url\":\"https:\\\/\\\/www.micro-vehicules.com\\\/blog\\\/author\\\/lesconstant\\\/\"}]}<\/script>\n<!-- \/ Yoast SEO plugin. -->","yoast_head_json":{"title":"Trio zum Abschied vom Ferrari 812 Superfast! - MICRO-VEHICULES","robots":{"index":"index","follow":"follow","max-snippet":"max-snippet:-1","max-image-preview":"max-image-preview:large","max-video-preview":"max-video-preview:-1"},"canonical":"https:\/\/www.micro-vehicules.com\/blog\/trio-zum-abschied-vom-ferrari-812-superfast\/","og_locale":"fr_FR","og_type":"article","og_title":"Trio zum Abschied vom Ferrari 812 Superfast! - MICRO-VEHICULES","og_description":"N-LARGO\u00a0: Unter diesem Label entwickelt and fertigt der deutsche Veredler NOVITEC spektakul\u00e4re Breitversionen f\u00fcr die weltweit exklusivsten Sportwagen. De nos jours, c\u2019est extravagant et seltener wird, lorsque ce type de type est d\u00e9fini avec un \u00ab\u00a0S\u00a0\u00bb erg\u00e4nzt wird. Avec un monde auf nur trois Fahrzeuge limitierten Sonderserie zelebriert der NOVITEC N-LARGO S jetzt den Abschied vom Ferrari 812 Superfast. Toutes les voitures cette \u00e9dition sont vendues. Die aus leichtem, aber hochfestem Carbon gefertigten Karosseriekomponenten erhielten f\u00fcr cette Special Edition ein ausgefeiltes Update: Die breiteren Kotfl\u00fcgel vorn und die Verbreiterungen an der Hinterachse machen den Zweisitzer 14 Zentimeter breiter als das\u2026","og_url":"https:\/\/www.micro-vehicules.com\/blog\/trio-zum-abschied-vom-ferrari-812-superfast\/","og_site_name":"MICRO-VEHICULES","article_published_time":"2023-09-25T13:51:53+00:00","og_image":[{"url":"https:\/\/www.micro-vehicules.com\/blog\/wp-content\/uploads\/2023\/09\/Trio-zum-Abschied-vom-Ferrari-812-Superfast.jpg","type":"","width":"","height":""}],"author":"Constant FOULE","twitter_card":"summary_large_image","twitter_misc":{"\u00c9crit par":"Constant FOULE","Dur\u00e9e de lecture estim\u00e9e":"6 minutes"},"schema":{"@context":"https:\/\/schema.org","@graph":[{"@type":"Article","@id":"https:\/\/www.micro-vehicules.com\/blog\/trio-zum-abschied-vom-ferrari-812-superfast\/#article","isPartOf":{"@id":"https:\/\/www.micro-vehicules.com\/blog\/trio-zum-abschied-vom-ferrari-812-superfast\/"},"author":{"name":"Constant FOULE","@id":"https:\/\/www.micro-vehicules.com\/blog\/#\/schema\/person\/fe2699af12675c9a6c81f5147411ac97"},"headline":"Trio zum Abschied vom Ferrari 812 Superfast!","datePublished":"2023-09-25T13:51:53+00:00","mainEntityOfPage":{"@id":"https:\/\/www.micro-vehicules.com\/blog\/trio-zum-abschied-vom-ferrari-812-superfast\/"},"wordCount":1122,"publisher":{"@id":"https:\/\/www.micro-vehicules.com\/blog\/#organization"},"image":{"@id":"https:\/\/www.micro-vehicules.com\/blog\/trio-zum-abschied-vom-ferrari-812-superfast\/#primaryimage"},"thumbnailUrl":"https:\/\/www.micro-vehicules.com\/blog\/wp-content\/uploads\/2023\/09\/Trio-zum-Abschied-vom-Ferrari-812-Superfast.jpg","articleSection":["Br\u00e8ves Sur Voitures Sans Permis:"],"inLanguage":"fr-FR"},{"@type":"WebPage","@id":"https:\/\/www.micro-vehicules.com\/blog\/trio-zum-abschied-vom-ferrari-812-superfast\/","url":"https:\/\/www.micro-vehicules.com\/blog\/trio-zum-abschied-vom-ferrari-812-superfast\/","name":"Trio zum Abschied vom Ferrari 812 Superfast! - MICRO-VEHICULES","isPartOf":{"@id":"https:\/\/www.micro-vehicules.com\/blog\/#website"},"primaryImageOfPage":{"@id":"https:\/\/www.micro-vehicules.com\/blog\/trio-zum-abschied-vom-ferrari-812-superfast\/#primaryimage"},"image":{"@id":"https:\/\/www.micro-vehicules.com\/blog\/trio-zum-abschied-vom-ferrari-812-superfast\/#primaryimage"},"thumbnailUrl":"https:\/\/www.micro-vehicules.com\/blog\/wp-content\/uploads\/2023\/09\/Trio-zum-Abschied-vom-Ferrari-812-Superfast.jpg","datePublished":"2023-09-25T13:51:53+00:00","breadcrumb":{"@id":"https:\/\/www.micro-vehicules.com\/blog\/trio-zum-abschied-vom-ferrari-812-superfast\/#breadcrumb"},"inLanguage":"fr-FR","potentialAction":[{"@type":"ReadAction","target":["https:\/\/www.micro-vehicules.com\/blog\/trio-zum-abschied-vom-ferrari-812-superfast\/"]}]},{"@type":"ImageObject","inLanguage":"fr-FR","@id":"https:\/\/www.micro-vehicules.com\/blog\/trio-zum-abschied-vom-ferrari-812-superfast\/#primaryimage","url":"https:\/\/www.micro-vehicules.com\/blog\/wp-content\/uploads\/2023\/09\/Trio-zum-Abschied-vom-Ferrari-812-Superfast.jpg","contentUrl":"https:\/\/www.micro-vehicules.com\/blog\/wp-content\/uploads\/2023\/09\/Trio-zum-Abschied-vom-Ferrari-812-Superfast.jpg","width":1024,"height":682},{"@type":"BreadcrumbList","@id":"https:\/\/www.micro-vehicules.com\/blog\/trio-zum-abschied-vom-ferrari-812-superfast\/#breadcrumb","itemListElement":[{"@type":"ListItem","position":1,"name":"Accueil","item":"https:\/\/www.micro-vehicules.com\/blog\/"},{"@type":"ListItem","position":2,"name":"Trio zum Abschied vom Ferrari 812 Superfast!"}]},{"@type":"WebSite","@id":"https:\/\/www.micro-vehicules.com\/blog\/#website","url":"https:\/\/www.micro-vehicules.com\/blog\/","name":"MICRO-VEHICULES","description":"Pour acheter une voiture sans permis.","publisher":{"@id":"https:\/\/www.micro-vehicules.com\/blog\/#organization"},"potentialAction":[{"@type":"SearchAction","target":{"@type":"EntryPoint","urlTemplate":"https:\/\/www.micro-vehicules.com\/blog\/?s={search_term_string}"},"query-input":{"@type":"PropertyValueSpecification","valueRequired":true,"valueName":"search_term_string"}}],"inLanguage":"fr-FR"},{"@type":"Organization","@id":"https:\/\/www.micro-vehicules.com\/blog\/#organization","name":"micro-vehicules","url":"https:\/\/www.micro-vehicules.com\/blog\/","logo":{"@type":"ImageObject","inLanguage":"fr-FR","@id":"https:\/\/www.micro-vehicules.com\/blog\/#\/schema\/logo\/image\/","url":"https:\/\/www.micro-vehicules.com\/blog\/wp-content\/uploads\/2023\/06\/logo-2.png","contentUrl":"https:\/\/www.micro-vehicules.com\/blog\/wp-content\/uploads\/2023\/06\/logo-2.png","width":340,"height":179,"caption":"micro-vehicules"},"image":{"@id":"https:\/\/www.micro-vehicules.com\/blog\/#\/schema\/logo\/image\/"}},{"@type":"Person","@id":"https:\/\/www.micro-vehicules.com\/blog\/#\/schema\/person\/fe2699af12675c9a6c81f5147411ac97","name":"Constant FOULE","image":{"@type":"ImageObject","inLanguage":"fr-FR","@id":"https:\/\/secure.gravatar.com\/avatar\/b89997095efd6ca2ab42b729fae544d241044664dbb4ec1b90634002c0516442?s=96&d=mm&r=g","url":"https:\/\/secure.gravatar.com\/avatar\/b89997095efd6ca2ab42b729fae544d241044664dbb4ec1b90634002c0516442?s=96&d=mm&r=g","contentUrl":"https:\/\/secure.gravatar.com\/avatar\/b89997095efd6ca2ab42b729fae544d241044664dbb4ec1b90634002c0516442?s=96&d=mm&r=g","caption":"Constant FOULE"},"url":"https:\/\/www.micro-vehicules.com\/blog\/author\/lesconstant\/"}]}},"_links":{"self":[{"href":"https:\/\/www.micro-vehicules.com\/blog\/wp-json\/wp\/v2\/posts\/250","targetHints":{"allow":["GET"]}}],"collection":[{"href":"https:\/\/www.micro-vehicules.com\/blog\/wp-json\/wp\/v2\/posts"}],"about":[{"href":"https:\/\/www.micro-vehicules.com\/blog\/wp-json\/wp\/v2\/types\/post"}],"author":[{"embeddable":true,"href":"https:\/\/www.micro-vehicules.com\/blog\/wp-json\/wp\/v2\/users\/2"}],"replies":[{"embeddable":true,"href":"https:\/\/www.micro-vehicules.com\/blog\/wp-json\/wp\/v2\/comments?post=250"}],"version-history":[{"count":0,"href":"https:\/\/www.micro-vehicules.com\/blog\/wp-json\/wp\/v2\/posts\/250\/revisions"}],"wp:featuredmedia":[{"embeddable":true,"href":"https:\/\/www.micro-vehicules.com\/blog\/wp-json\/wp\/v2\/media\/251"}],"wp:attachment":[{"href":"https:\/\/www.micro-vehicules.com\/blog\/wp-json\/wp\/v2\/media?parent=250"}],"wp:term":[{"taxonomy":"category","embeddable":true,"href":"https:\/\/www.micro-vehicules.com\/blog\/wp-json\/wp\/v2\/categories?post=250"},{"taxonomy":"post_tag","embeddable":true,"href":"https:\/\/www.micro-vehicules.com\/blog\/wp-json\/wp\/v2\/tags?post=250"}],"curies":[{"name":"wp","href":"https:\/\/api.w.org\/{rel}","templated":true}]}}