{"id":1946,"date":"2026-04-23T09:00:28","date_gmt":"2026-04-23T07:00:28","guid":{"rendered":"https:\/\/www.micro-vehicules.com\/blog\/clichy-la-garenne-la-meilleure-ville-du-92-%f0%9f%a4%af-football-foot-paris-clichy-france-92-shorts\/"},"modified":"2026-04-23T09:00:28","modified_gmt":"2026-04-23T07:00:28","slug":"clichy-la-garenne-la-meilleure-ville-du-92-%f0%9f%a4%af-football-foot-paris-clichy-france-92-shorts","status":"publish","type":"post","link":"https:\/\/www.micro-vehicules.com\/blog\/clichy-la-garenne-la-meilleure-ville-du-92-%f0%9f%a4%af-football-foot-paris-clichy-france-92-shorts\/","title":{"rendered":"(Clichy-la-Garenne): La meilleure ville du 92 ? \ud83e\udd2f #football #foot #paris #clichy #france #92 #shorts"},"content":{"rendered":"<div><img loading=\"lazy\" width=\"750\" height=\"422\" src=\"https:\/\/www.micro-vehicules.com\/blog\/wp-content\/uploads\/2026\/04\/Clichy-la-Garenne-La-meilleure-ville-du-92-football-foot-paris-1024x576-1.jpg\" class=\"attachment-large size-large wp-post-image\" alt=\"La meilleure ville du 92 ? \ud83e\udd2f #football #foot #paris #clichy #france #92 #shorts\" style=\"width:100%;height:56.25%;max-width:1280px;float:left; margin:0 15px 15px 0;\" decoding=\"async\" srcset=\"https:\/\/www.micro-vehicules.com\/blog\/wp-content\/uploads\/2026\/04\/Clichy-la-Garenne-La-meilleure-ville-du-92-football-foot-paris-1024x576-1.jpg 1024w, https:\/\/www.site.cdcl.xyz\/wp-content\/uploads\/2026\/04\/Clichy-la-Garenne-La-meilleure-ville-du-92-football-foot-paris-300x169.jpg 300w, https:\/\/www.site.cdcl.xyz\/wp-content\/uploads\/2026\/04\/Clichy-la-Garenne-La-meilleure-ville-du-92-football-foot-paris-768x432.jpg 768w, https:\/\/www.site.cdcl.xyz\/wp-content\/uploads\/2026\/04\/Clichy-la-Garenne-La-meilleure-ville-du-92-football-foot-paris.jpg 1280w\" sizes=\"auto, (max-width: 750px) 100vw, 750px\"><\/p>\n<h1>\nLe film qui traite de \u00abClichy-la-Garenne\u00bb est accessible en streaming sur Youtube.<br \/>\n<\/h1>\n<h2>\nDans Ma Zone  partage son point de vue sur \u00ab\u00a0Clichy-la-Garenne\u00a0\u00bb.<br \/>\n<\/h2>\n<p>Dans Ma Zone  a partag\u00e9 cette vid\u00e9o sur youtube.<br \/>\nfocalis\u00e9 sur \u00ab\u00a0Clichy-la-Garenne\u00a0\u00bb:<br \/>\n<iframe loading=\"lazy\" title=\"La meilleure ville du 92 ? \ud83e\udd2f #football #foot #paris #clichy #france #92 #shorts\" width=\"580\" height=\"385\" src=\"https:\/\/www.youtube.com\/embed\/LH24mfnXm9Y?hl=fr&amp;modestbranding=1\" frameborder=\"0\" allowfullscreen><\/iframe><\/p>\n<p>Les \u00e9l\u00e9ments cl\u00e9s \u00e0 retenir sont la dur\u00e9e de la vid\u00e9o (00:00:44s), le titre (La meilleure ville du 92 ? <img decoding=\"async\" src=\"https:\/\/www.micro-vehicules.com\/blog\/wp-content\/uploads\/2026\/04\/1f92f.png\" alt=\"\ud83e\udd2f\" class=\"wp-smiley\" style=\"height: 1em; max-height: 1em;\"> #football #foot #paris #clichy #france #92 #shorts) et l\u2019auteur, ainsi que la description qui suit :\u00ab<i>   <\/i> \u00bb.\n<\/p>\n<\/p>\n<h2>CLICHY : Une Catastrophe Financi\u00e8re en Cours<\/h2>\n<p>Une r\u00e9cente \u00e9valuation des finances de Clichy r\u00e9v\u00e8le une situation catastrophique qui s\u2019est aggrav\u00e9e au fil des ann\u00e9es 2020 \u00e0 2025.<\/p>\n<p><a target=\"_blank\" rel=\"nofollow\" href=\"https:\/\/www.micro-vehicules.com\/blog\/goto\/https:\/\/www.bilan-de-mandat.fr\/ile-de-france\/mairie\/hauts-de-seine_clichy\/\"  rel=\"noopener noreferrer\" target=\"blank\">\u00c0 explorer sur https:\/\/bilan-de-mandat.fr<\/a> : Les conclusions de l\u2019audit du bilan de mandat 2020-2026 de Clichy.<\/p>\n<p>Clichy, qui b\u00e9n\u00e9ficiait d\u2019une situation financi\u00e8re solide en 2020, a vu sa condition se d\u00e9grader au fil du temps, entra\u00eenant une baisse de la qualit\u00e9 de sa gestion publique<\/p>\n<p>La responsabilit\u00e9 de la municipalit\u00e9 men\u00e9e par R\u00c9MI MUZEAU est ind\u00e9niable, m\u00eame si un tiers des enjeux est li\u00e9 \u00e0 des facteurs conjoncturels.<\/p>\n<p>L\u2019enqu\u00eate a \u00e9t\u00e9 r\u00e9alis\u00e9e par le site ind\u00e9pendant Bilan de Mandat, qui a compil\u00e9 les chiffres budg\u00e9taires disponibles en ligne par le minist\u00e8re des Finances, en remontant sur une p\u00e9riode de 7 ans<\/p>\n<h3>R\u00e9mun\u00e9ration des employ\u00e9s<\/h3>\n<p>Les salaires des agents municipaux constituent une part importante des d\u00e9penses, atteignant en 2025 un niveau pr\u00e9occupant sans que les r\u00e9mun\u00e9rations n\u2019augmentent en cons\u00e9quence. Les cons\u00e9quences d\u00e9coulant de cette situation sont multiples :<\/p>\n<ul>\n<li>Abandon de l\u2019enthousiasme chez les employ\u00e9s de longue date : L\u2019absence de r\u00e9vision salariale pour les agents de longue date va engendrer une d\u00e9motivation, nuisant \u00e0 la qualit\u00e9 des services rendus.: Turnover important\n<\/li>\n<li>Turnover important : Des salaires invariables vont inciter les agents \u00e0 se tourner vers d\u2019autres opportunit\u00e9s, ce qui accro\u00eet le turnover et les co\u00fbts de formation pour la commune.\n<\/li>\n<li>\u00c9carts de r\u00e9mun\u00e9ration : L\u2019in\u00e9galit\u00e9 des salaires entre les nouveaux employ\u00e9s et les agents de longue date va cr\u00e9er des tensions au sein de l\u2019\u00e9quipe municipale.\n<\/li>\n<li>D\u00e9clin des prestations publiques : Une \u00e9quipe peu motiv\u00e9e et instable va d\u00e9grader la qualit\u00e9 des services publics, touchant ainsi les citoyens.\n<\/li>\n<li>Contrainte budg\u00e9taire: La n\u00e9cessit\u00e9 d\u2019offrir des salaires comp\u00e9titifs pour attirer de nouveaux talents va imposer une pression suppl\u00e9mentaire sur les finances communales.<\/li>\n<\/ul>\n<h3>Accroissement des pr\u00e9l\u00e8vements fiscaux sur les contribuables CLICHOIS<\/h3>\n<p>La commune se voit contrainte d\u2019augmenter consid\u00e9rablement les imp\u00f4ts des contribuables, mais cette d\u00e9cision a \u00e9t\u00e9 repouss\u00e9e en 2025 \u00e0 cause des \u00e9lections municipales de 2026. Les effets de cette situation sont source d\u2019inqui\u00e9tude :<\/p>\n<ul>\n<li>Frustration des contribuables : Une hausse des taxes va entra\u00eener un m\u00e9contentement g\u00e9n\u00e9ralis\u00e9 parmi les citoyens, ce qui va nuire \u00e0 la confiance envers la municipalit\u00e9.\n<\/li>\n<li>D\u00e9clin des ressources fiscales : Des hausses fiscales vont inciter certains contribuables \u00e0 s\u2019installer ailleurs, entra\u00eenant une diminution de la base fiscale \u00e0 long terme.\n<\/li>\n<li>Probl\u00e8mes rencontr\u00e9s par les m\u00e9nages : L\u2019augmentation des charges fiscales va affecter le budget des foyers, renfor\u00e7ant les in\u00e9galit\u00e9s sociales.\n<\/li>\n<li>Report des investissements : L\u2019absence d\u2019augmentation des taxes en 2025 va ralentir des projets d\u2019investissement n\u00e9cessaires au d\u00e9veloppement de la commune.\n<\/li>\n<li>Tension sur les services publics : La n\u00e9cessit\u00e9 de pallier les pertes de revenus va engendrer des coupes dans les services publics, nuisant \u00e0 la qualit\u00e9 de vie des habitants.<\/li>\n<\/ul>\n<h3>Insuffisance de contr\u00f4le dans la gestion financi\u00e8re<\/h3>\n<p>La progression des d\u00e9penses au fil des ans t\u00e9moigne d\u2019une gestion financi\u00e8re inappropri\u00e9e. Les effets de cette situation se font sentir :<\/p>\n<ul>\n<li>Intensification des d\u00e9ficits : Une absence de supervision des d\u00e9penses entra\u00eenera des d\u00e9ficits budg\u00e9taires en augmentation, rendant la situation financi\u00e8re encore plus fragile.\n<\/li>\n<li>Ralentissement des investissements futurs : Les d\u00e9ficits continus vont freiner la capacit\u00e9 de la commune \u00e0 r\u00e9aliser des investissements futurs.\n<\/li>\n<li>Affaiblissement de la r\u00e9putation : Une administration financi\u00e8re mal g\u00e9r\u00e9e portera atteinte \u00e0 la cr\u00e9dibilit\u00e9 de la municipalit\u00e9, rendant l\u2019obtention de fonds externes plus difficile.\n<\/li>\n<li>Utilisation non durable des ressources : Le manque de contr\u00f4le des d\u00e9penses m\u00e8nera \u00e0 un gaspillage des ressources publiques, nuisant \u00e0 l\u2019int\u00e9r\u00eat de tous.\n<\/li>\n<li>Cons\u00e9quences sur les services publics: Des d\u00e9penses mal contr\u00f4l\u00e9es provoqueront des restrictions dans les services sociaux<\/li>\n<\/ul>\n<h3>D\u00e9clin de la qualit\u00e9 des services publics CLICHOIS<\/h3>\n<p>Une gestion financi\u00e8re mal orient\u00e9e entra\u00eenera in\u00e9vitablement des coupes dans les budgets des services publics pour 2026-2027, ce qui se traduit par :<\/p>\n<ul>\n<li>Diminution des \u00e9quipes : R\u00e9duction du personnel pour assurer des services cl\u00e9s tels que la propret\u00e9, la s\u00e9curit\u00e9 ou l\u2019\u00e9ducation.\n<\/li>\n<li>Fr\u00e9quence des services r\u00e9duite : R\u00e9duction des tourn\u00e9es de collecte des d\u00e9chets et horaires limit\u00e9s pour les biblioth\u00e8ques et centres communautaires.\n<\/li>\n<li>Insatisfaction des usagers en hausse : Les habitants, d\u00e9j\u00e0 insatisfaits des services municipaux, subiront la baisse de la qualit\u00e9 des services et en seront les premi\u00e8res victimes, malgr\u00e9 une contribution sup\u00e9rieure \u00e0 la moyenne.<\/li>\n<\/ul>\n<h3>Difficult\u00e9s \u00e0 s\u00e9duire et \u00e0 garder les talents<\/h3>\n<p>L\u2019instabilit\u00e9 de la commune, tant sur le plan financier que sur celui de l\u2019exemplarit\u00e9, va entraver l\u2019attraction et la r\u00e9tention des talents, tant parmi le personnel municipal que dans le tissu associatif :<\/p>\n<ul>\n<li>Changement constant de personnel : Les travailleurs vont se tourner vers d\u2019autres possibilit\u00e9s, entra\u00eenant ainsi des frais importants pour la formation et l\u2019int\u00e9gration.\n<\/li>\n<li>D\u00e9clin des comp\u00e9tences : Un d\u00e9ficit de personnel form\u00e9 compromettra la qualit\u00e9 des services et l\u2019innovation dans la collectivit\u00e9.\n<\/li>\n<li>Freins \u00e0 l\u2019impl\u00e9mentation des projets: Le manque de personnel qualifi\u00e9 pourrait retarder ou mettre en danger des projets vitaux pour la collectivit\u00e9.\n<\/li>\n<li>D\u00e9motivation caus\u00e9e par un d\u00e9sint\u00e9r\u00eat pour une ville qui, en 5 ans, s\u2019est impos\u00e9e comme l\u2019une des principales cit\u00e9s dortoirs de son d\u00e9partement.<\/li>\n<\/ul>\n<h3>Questions et r\u00e9ponses de Clichy<\/h3>\n<h4>Comment s\u2019informer dans Clichy ?<\/h4>\n<p>Principalement, les informations sur le web. Les citoyens peuvent consulter les actualit\u00e9s et le journal municipal de leur commune ainsi que des villes environnantes. Sur le site de la mairie, les nouveaux habitants peuvent consulter la page de bienvenue, les num\u00e9ros utiles pour diff\u00e9rentes d\u00e9marches, l\u2019annuaire des petites et moyennes entreprises, les journ\u00e9es et activit\u00e9s gratuites, les informations concernant la rentr\u00e9e scolaire, les menus des cantines, l\u2019espace de confidentialit\u00e9 pour les comptes familiaux et les d\u00e9marches administratives, en particulier celles du secteur scolaire. Sur d\u2019autres sites web, qui ne sont pas sous la responsabilit\u00e9 de la mairie, les citoyens peuvent consulter des informations sur les \u00e9v\u00e9nements culturels (spectacles, th\u00e9\u00e2tre, festivals) qui contribuent \u00e0 l\u2019animation de la vie locale et favorisent l\u2019acc\u00e8s \u00e0 la culture.<\/p>\n<h4>Qui est actuellement le maire de Clichy ?<\/h4>\n<p>R\u00c9MI MUZEAU<\/p>\n<h4>Quelles sont les initiatives culturelles et historiques ?<\/h4>\n<p>Le pass\u00e9 d\u2019une ville est le miroir de sa culture. La construction de la mairie ou de l\u2019h\u00f4tel de ville, les anciennes photos de l\u2019\u00e9cole, et le travail des anciens m\u00e9tiers favorisent la d\u00e9couverte gratuite, la transmission et la pr\u00e9servation de ce patrimoine communal. Dans tout le pays, la politique de sensibilisation s\u2019assure que le patrimoine de la ville reste vivant et \u00e0 la port\u00e9e des g\u00e9n\u00e9rations futures.<\/p>\n<h4>Quelle est la d\u00e9couverte principale de l\u2019audit des finances de Clichy ?<\/h4>\n<p>L\u2019enqu\u00eate fait \u00e9tat d\u2019une situation alarmante concernant les finances publiques et la gestion de Clichy, mettant en avant une imprudence tant financi\u00e8re que dans la gestion publique.<\/p>\n<h4>Quels \u00e9l\u00e9ments ont impact\u00e9 cette crise financi\u00e8re ?<\/h4>\n<p>Bien que le climat \u00e9conomique soit pertinent, deux tiers des probl\u00e8mes rencontr\u00e9s sont attribuables aux choix politiques de la municipalit\u00e9 sous la direction de R\u00c9MI MUZEAU.<\/p>\n<h4>De quelle mani\u00e8re peut-on prendre part aux activit\u00e9s des associations ?<\/h4>\n<p>Dans chaque commune, on observe que le nombre d\u2019associations et l\u2019agenda de leurs \u00e9v\u00e9nements (th\u00e9\u00e2tre, festival\u2026) sont importants et autonomes par rapport \u00e0 la politique de la mairie. Les associations, comme dans l\u2019ensemble du pays, organisent une vari\u00e9t\u00e9 d\u2019\u00e9v\u00e9nements tout au long de l\u2019ann\u00e9e. Pour ceux qui souhaitent s\u2019impliquer, il est facile de s\u2019inscrire \u00e0 ces activit\u00e9s sur le web, o\u00f9 un simple clic donne acc\u00e8s \u00e0 l\u2019agenda des \u00e9v\u00e9nements ou aux num\u00e9ros de contact des organisateurs. Inscription facile en un clic.<\/p>\n<\/p>\n<h4>Quel est le bilan des associations locales dans Clichy ?<\/h4>\n<p>Les entit\u00e9s associatives locales jouent un r\u00f4le cl\u00e9 dans le paysage culturel. Pour acc\u00e9der aux coordonn\u00e9es d\u2019une association, vous pouvez vous r\u00e9f\u00e9rer \u00e0 l\u2019annuaire en ligne sur le site de la mairie de Clichy\n<\/p>\n<p> Cliquez ici pour voir la vid\u00e9o directement sur youtube :<br \/>\n<u> le post original:<\/u> <a target=\"_blank\" rel=\"nofollow\" href=\"https:\/\/www.micro-vehicules.com\/blog\/goto\/https:\/\/www.youtube.com\/watch?v=LH24mfnXm9Y\" >Cliquer ici<\/a>\n<\/p>\n<p>\n#meilleure #ville #football #foot #paris #clichy #france #shorts\n<\/p>\n<p>\n<u>Retranscription des paroles de la vid\u00e9o:<\/u> Non disponible.<br \/>\n.\n<\/p>\n<p>\n<img decoding=\"async\" src=\"https:\/\/www.micro-vehicules.com\/blog\/wp-content\/uploads\/2026\/04\/hqdefault-6.jpg\" alt=\"Image Youtube\">\n<\/p>\n<p>\n<u>D\u00e9roulement de la vid\u00e9o:<\/u>\n<\/p>\n<p>\nIndisponible.<br \/>\n.<\/p>\n<\/div>\n<p><img decoding=\"async\" class=\"wpe_imgrss\" src=\"https:\/\/www.micro-vehicules.com\/blog\/wp-content\/uploads\/2026\/04\/Clichy-la-Garenne-La-meilleure-ville-du-92-football-foot-paris-1024x576-1.jpg\">Pour vous, cet article autour du th\u00e8me \u00ab\u00a0Voitures sans permis\u00a0\u00bb vous est propos\u00e9 par micro-vehicules.com. La chronique est produite du mieux possible. Il est possible d\u2019\u00e9crire en utilisant les coordonn\u00e9es indiqu\u00e9es sur notre site web afin d&rsquo;apporter des d\u00e9tails sur ce contenu qui parle du th\u00e8me \u00ab\u00a0Voitures sans permis\u00a0\u00bb. La mission de micro-vehicules.com \u00e9tant de rassembler sur le web des infos sur le th\u00e8me de Voitures sans permis et ensuite les pr\u00e9senter en t\u00e2chant de r\u00e9pondre du mieux possible aux interrogations des personnes. En consultant de mani\u00e8re r\u00e9guli\u00e8re nos pages de blog vous serez inform\u00e9 des prochaines parutions.<\/p>\n","protected":false},"excerpt":{"rendered":"<p>Le film qui traite de \u00abClichy-la-Garenne\u00bb est accessible en streaming sur Youtube. Dans Ma Zone partage son point de vue sur \u00ab\u00a0Clichy-la-Garenne\u00a0\u00bb. Dans Ma Zone a partag\u00e9 cette vid\u00e9o sur youtube. focalis\u00e9 sur \u00ab\u00a0Clichy-la-Garenne\u00a0\u00bb: Les \u00e9l\u00e9ments cl\u00e9s \u00e0 retenir sont la dur\u00e9e de la vid\u00e9o (00:00:44s), le titre (La meilleure ville du 92 ? #football #foot #paris #clichy #france #92 #shorts) et l\u2019auteur, ainsi que la description qui suit :\u00ab \u00bb. CLICHY : Une Catastrophe Financi\u00e8re en Cours Une r\u00e9cente \u00e9valuation des finances de Clichy r\u00e9v\u00e8le une situation catastrophique qui s\u2019est aggrav\u00e9e au fil des ann\u00e9es 2020 \u00e0 2025. \u00c0\u2026<\/p>\n","protected":false},"author":2,"featured_media":1947,"comment_status":"closed","ping_status":"closed","sticky":false,"template":"","format":"standard","meta":{"footnotes":""},"categories":[4],"tags":[],"class_list":["post-1946","post","type-post","status-publish","format-standard","has-post-thumbnail","hentry","category-breves-sur-voitures-sans-permis"],"blocksy_meta":"","yoast_head":"<!-- This site is optimized with the Yoast SEO plugin v27.5 - https:\/\/yoast.com\/product\/yoast-seo-wordpress\/ -->\n<title>(Clichy-la-Garenne): La meilleure ville du 92 ? \ud83e\udd2f #football #foot #paris #clichy #france #92 #shorts - MICRO-VEHICULES<\/title>\n<meta name=\"robots\" content=\"index, follow, max-snippet:-1, max-image-preview:large, max-video-preview:-1\" \/>\n<link rel=\"canonical\" href=\"https:\/\/www.micro-vehicules.com\/blog\/clichy-la-garenne-la-meilleure-ville-du-92-\ud83e\udd2f-football-foot-paris-clichy-france-92-shorts\/\" \/>\n<meta property=\"og:locale\" content=\"fr_FR\" \/>\n<meta property=\"og:type\" content=\"article\" \/>\n<meta property=\"og:title\" content=\"(Clichy-la-Garenne): La meilleure ville du 92 ? \ud83e\udd2f #football #foot #paris #clichy #france #92 #shorts - MICRO-VEHICULES\" \/>\n<meta property=\"og:description\" content=\"Le film qui traite de \u00abClichy-la-Garenne\u00bb est accessible en streaming sur Youtube. Dans Ma Zone partage son point de vue sur \u00ab\u00a0Clichy-la-Garenne\u00a0\u00bb. Dans Ma Zone a partag\u00e9 cette vid\u00e9o sur youtube. focalis\u00e9 sur \u00ab\u00a0Clichy-la-Garenne\u00a0\u00bb: Les \u00e9l\u00e9ments cl\u00e9s \u00e0 retenir sont la dur\u00e9e de la vid\u00e9o (00:00:44s), le titre (La meilleure ville du 92 ? #football #foot #paris #clichy #france #92 #shorts) et l\u2019auteur, ainsi que la description qui suit :\u00ab \u00bb. CLICHY : Une Catastrophe Financi\u00e8re en Cours Une r\u00e9cente \u00e9valuation des finances de Clichy r\u00e9v\u00e8le une situation catastrophique qui s\u2019est aggrav\u00e9e au fil des ann\u00e9es 2020 \u00e0 2025. \u00c0\u2026\" \/>\n<meta property=\"og:url\" content=\"https:\/\/www.micro-vehicules.com\/blog\/clichy-la-garenne-la-meilleure-ville-du-92-\ud83e\udd2f-football-foot-paris-clichy-france-92-shorts\/\" \/>\n<meta property=\"og:site_name\" content=\"MICRO-VEHICULES\" \/>\n<meta property=\"article:published_time\" content=\"2026-04-23T07:00:28+00:00\" \/>\n<meta property=\"og:image\" content=\"https:\/\/www.micro-vehicules.com\/blog\/wp-content\/uploads\/2026\/04\/Clichy-la-Garenne-La-meilleure-ville-du-92-football-foot-paris-1024x576-1.jpg\" \/>\n<meta name=\"author\" content=\"Constant FOULE\" \/>\n<meta name=\"twitter:card\" content=\"summary_large_image\" \/>\n<meta name=\"twitter:label1\" content=\"\u00c9crit par\" \/>\n\t<meta name=\"twitter:data1\" content=\"Constant FOULE\" \/>\n\t<meta name=\"twitter:label2\" content=\"Dur\u00e9e de lecture estim\u00e9e\" \/>\n\t<meta name=\"twitter:data2\" content=\"8 minutes\" \/>\n<script type=\"application\/ld+json\" class=\"yoast-schema-graph\">{\"@context\":\"https:\\\/\\\/schema.org\",\"@graph\":[{\"@type\":\"Article\",\"@id\":\"https:\\\/\\\/www.micro-vehicules.com\\\/blog\\\/clichy-la-garenne-la-meilleure-ville-du-92-%f0%9f%a4%af-football-foot-paris-clichy-france-92-shorts\\\/#article\",\"isPartOf\":{\"@id\":\"https:\\\/\\\/www.micro-vehicules.com\\\/blog\\\/clichy-la-garenne-la-meilleure-ville-du-92-%f0%9f%a4%af-football-foot-paris-clichy-france-92-shorts\\\/\"},\"author\":{\"name\":\"Constant FOULE\",\"@id\":\"https:\\\/\\\/www.micro-vehicules.com\\\/blog\\\/#\\\/schema\\\/person\\\/fe2699af12675c9a6c81f5147411ac97\"},\"headline\":\"(Clichy-la-Garenne): La meilleure ville du 92 ? \ud83e\udd2f #football #foot #paris #clichy #france #92 #shorts\",\"datePublished\":\"2026-04-23T07:00:28+00:00\",\"mainEntityOfPage\":{\"@id\":\"https:\\\/\\\/www.micro-vehicules.com\\\/blog\\\/clichy-la-garenne-la-meilleure-ville-du-92-%f0%9f%a4%af-football-foot-paris-clichy-france-92-shorts\\\/\"},\"wordCount\":1668,\"publisher\":{\"@id\":\"https:\\\/\\\/www.micro-vehicules.com\\\/blog\\\/#organization\"},\"image\":{\"@id\":\"https:\\\/\\\/www.micro-vehicules.com\\\/blog\\\/clichy-la-garenne-la-meilleure-ville-du-92-%f0%9f%a4%af-football-foot-paris-clichy-france-92-shorts\\\/#primaryimage\"},\"thumbnailUrl\":\"https:\\\/\\\/www.micro-vehicules.com\\\/blog\\\/wp-content\\\/uploads\\\/2026\\\/04\\\/Clichy-la-Garenne-La-meilleure-ville-du-92-football-foot-paris-1024x576-1.jpg\",\"articleSection\":[\"Br\u00e8ves Sur Voitures Sans Permis:\"],\"inLanguage\":\"fr-FR\"},{\"@type\":\"WebPage\",\"@id\":\"https:\\\/\\\/www.micro-vehicules.com\\\/blog\\\/clichy-la-garenne-la-meilleure-ville-du-92-%f0%9f%a4%af-football-foot-paris-clichy-france-92-shorts\\\/\",\"url\":\"https:\\\/\\\/www.micro-vehicules.com\\\/blog\\\/clichy-la-garenne-la-meilleure-ville-du-92-%f0%9f%a4%af-football-foot-paris-clichy-france-92-shorts\\\/\",\"name\":\"(Clichy-la-Garenne): La meilleure ville du 92 ? \ud83e\udd2f #football #foot #paris #clichy #france #92 #shorts - MICRO-VEHICULES\",\"isPartOf\":{\"@id\":\"https:\\\/\\\/www.micro-vehicules.com\\\/blog\\\/#website\"},\"primaryImageOfPage\":{\"@id\":\"https:\\\/\\\/www.micro-vehicules.com\\\/blog\\\/clichy-la-garenne-la-meilleure-ville-du-92-%f0%9f%a4%af-football-foot-paris-clichy-france-92-shorts\\\/#primaryimage\"},\"image\":{\"@id\":\"https:\\\/\\\/www.micro-vehicules.com\\\/blog\\\/clichy-la-garenne-la-meilleure-ville-du-92-%f0%9f%a4%af-football-foot-paris-clichy-france-92-shorts\\\/#primaryimage\"},\"thumbnailUrl\":\"https:\\\/\\\/www.micro-vehicules.com\\\/blog\\\/wp-content\\\/uploads\\\/2026\\\/04\\\/Clichy-la-Garenne-La-meilleure-ville-du-92-football-foot-paris-1024x576-1.jpg\",\"datePublished\":\"2026-04-23T07:00:28+00:00\",\"breadcrumb\":{\"@id\":\"https:\\\/\\\/www.micro-vehicules.com\\\/blog\\\/clichy-la-garenne-la-meilleure-ville-du-92-%f0%9f%a4%af-football-foot-paris-clichy-france-92-shorts\\\/#breadcrumb\"},\"inLanguage\":\"fr-FR\",\"potentialAction\":[{\"@type\":\"ReadAction\",\"target\":[\"https:\\\/\\\/www.micro-vehicules.com\\\/blog\\\/clichy-la-garenne-la-meilleure-ville-du-92-%f0%9f%a4%af-football-foot-paris-clichy-france-92-shorts\\\/\"]}]},{\"@type\":\"ImageObject\",\"inLanguage\":\"fr-FR\",\"@id\":\"https:\\\/\\\/www.micro-vehicules.com\\\/blog\\\/clichy-la-garenne-la-meilleure-ville-du-92-%f0%9f%a4%af-football-foot-paris-clichy-france-92-shorts\\\/#primaryimage\",\"url\":\"https:\\\/\\\/www.micro-vehicules.com\\\/blog\\\/wp-content\\\/uploads\\\/2026\\\/04\\\/Clichy-la-Garenne-La-meilleure-ville-du-92-football-foot-paris-1024x576-1.jpg\",\"contentUrl\":\"https:\\\/\\\/www.micro-vehicules.com\\\/blog\\\/wp-content\\\/uploads\\\/2026\\\/04\\\/Clichy-la-Garenne-La-meilleure-ville-du-92-football-foot-paris-1024x576-1.jpg\",\"width\":1024,\"height\":576},{\"@type\":\"BreadcrumbList\",\"@id\":\"https:\\\/\\\/www.micro-vehicules.com\\\/blog\\\/clichy-la-garenne-la-meilleure-ville-du-92-%f0%9f%a4%af-football-foot-paris-clichy-france-92-shorts\\\/#breadcrumb\",\"itemListElement\":[{\"@type\":\"ListItem\",\"position\":1,\"name\":\"Accueil\",\"item\":\"https:\\\/\\\/www.micro-vehicules.com\\\/blog\\\/\"},{\"@type\":\"ListItem\",\"position\":2,\"name\":\"(Clichy-la-Garenne): La meilleure ville du 92 ? \ud83e\udd2f #football #foot #paris #clichy #france #92 #shorts\"}]},{\"@type\":\"WebSite\",\"@id\":\"https:\\\/\\\/www.micro-vehicules.com\\\/blog\\\/#website\",\"url\":\"https:\\\/\\\/www.micro-vehicules.com\\\/blog\\\/\",\"name\":\"MICRO-VEHICULES\",\"description\":\"Pour acheter une voiture sans permis.\",\"publisher\":{\"@id\":\"https:\\\/\\\/www.micro-vehicules.com\\\/blog\\\/#organization\"},\"potentialAction\":[{\"@type\":\"SearchAction\",\"target\":{\"@type\":\"EntryPoint\",\"urlTemplate\":\"https:\\\/\\\/www.micro-vehicules.com\\\/blog\\\/?s={search_term_string}\"},\"query-input\":{\"@type\":\"PropertyValueSpecification\",\"valueRequired\":true,\"valueName\":\"search_term_string\"}}],\"inLanguage\":\"fr-FR\"},{\"@type\":\"Organization\",\"@id\":\"https:\\\/\\\/www.micro-vehicules.com\\\/blog\\\/#organization\",\"name\":\"micro-vehicules\",\"url\":\"https:\\\/\\\/www.micro-vehicules.com\\\/blog\\\/\",\"logo\":{\"@type\":\"ImageObject\",\"inLanguage\":\"fr-FR\",\"@id\":\"https:\\\/\\\/www.micro-vehicules.com\\\/blog\\\/#\\\/schema\\\/logo\\\/image\\\/\",\"url\":\"https:\\\/\\\/www.micro-vehicules.com\\\/blog\\\/wp-content\\\/uploads\\\/2023\\\/06\\\/logo-2.png\",\"contentUrl\":\"https:\\\/\\\/www.micro-vehicules.com\\\/blog\\\/wp-content\\\/uploads\\\/2023\\\/06\\\/logo-2.png\",\"width\":340,\"height\":179,\"caption\":\"micro-vehicules\"},\"image\":{\"@id\":\"https:\\\/\\\/www.micro-vehicules.com\\\/blog\\\/#\\\/schema\\\/logo\\\/image\\\/\"}},{\"@type\":\"Person\",\"@id\":\"https:\\\/\\\/www.micro-vehicules.com\\\/blog\\\/#\\\/schema\\\/person\\\/fe2699af12675c9a6c81f5147411ac97\",\"name\":\"Constant FOULE\",\"image\":{\"@type\":\"ImageObject\",\"inLanguage\":\"fr-FR\",\"@id\":\"https:\\\/\\\/secure.gravatar.com\\\/avatar\\\/b89997095efd6ca2ab42b729fae544d241044664dbb4ec1b90634002c0516442?s=96&d=mm&r=g\",\"url\":\"https:\\\/\\\/secure.gravatar.com\\\/avatar\\\/b89997095efd6ca2ab42b729fae544d241044664dbb4ec1b90634002c0516442?s=96&d=mm&r=g\",\"contentUrl\":\"https:\\\/\\\/secure.gravatar.com\\\/avatar\\\/b89997095efd6ca2ab42b729fae544d241044664dbb4ec1b90634002c0516442?s=96&d=mm&r=g\",\"caption\":\"Constant FOULE\"},\"url\":\"https:\\\/\\\/www.micro-vehicules.com\\\/blog\\\/author\\\/lesconstant\\\/\"}]}<\/script>\n<!-- \/ Yoast SEO plugin. -->","yoast_head_json":{"title":"(Clichy-la-Garenne): La meilleure ville du 92 ? \ud83e\udd2f #football #foot #paris #clichy #france #92 #shorts - MICRO-VEHICULES","robots":{"index":"index","follow":"follow","max-snippet":"max-snippet:-1","max-image-preview":"max-image-preview:large","max-video-preview":"max-video-preview:-1"},"canonical":"https:\/\/www.micro-vehicules.com\/blog\/clichy-la-garenne-la-meilleure-ville-du-92-\ud83e\udd2f-football-foot-paris-clichy-france-92-shorts\/","og_locale":"fr_FR","og_type":"article","og_title":"(Clichy-la-Garenne): La meilleure ville du 92 ? \ud83e\udd2f #football #foot #paris #clichy #france #92 #shorts - MICRO-VEHICULES","og_description":"Le film qui traite de \u00abClichy-la-Garenne\u00bb est accessible en streaming sur Youtube. Dans Ma Zone partage son point de vue sur \u00ab\u00a0Clichy-la-Garenne\u00a0\u00bb. Dans Ma Zone a partag\u00e9 cette vid\u00e9o sur youtube. focalis\u00e9 sur \u00ab\u00a0Clichy-la-Garenne\u00a0\u00bb: Les \u00e9l\u00e9ments cl\u00e9s \u00e0 retenir sont la dur\u00e9e de la vid\u00e9o (00:00:44s), le titre (La meilleure ville du 92 ? #football #foot #paris #clichy #france #92 #shorts) et l\u2019auteur, ainsi que la description qui suit :\u00ab \u00bb. CLICHY : Une Catastrophe Financi\u00e8re en Cours Une r\u00e9cente \u00e9valuation des finances de Clichy r\u00e9v\u00e8le une situation catastrophique qui s\u2019est aggrav\u00e9e au fil des ann\u00e9es 2020 \u00e0 2025. \u00c0\u2026","og_url":"https:\/\/www.micro-vehicules.com\/blog\/clichy-la-garenne-la-meilleure-ville-du-92-\ud83e\udd2f-football-foot-paris-clichy-france-92-shorts\/","og_site_name":"MICRO-VEHICULES","article_published_time":"2026-04-23T07:00:28+00:00","og_image":[{"url":"https:\/\/www.micro-vehicules.com\/blog\/wp-content\/uploads\/2026\/04\/Clichy-la-Garenne-La-meilleure-ville-du-92-football-foot-paris-1024x576-1.jpg","type":"","width":"","height":""}],"author":"Constant FOULE","twitter_card":"summary_large_image","twitter_misc":{"\u00c9crit par":"Constant FOULE","Dur\u00e9e de lecture estim\u00e9e":"8 minutes"},"schema":{"@context":"https:\/\/schema.org","@graph":[{"@type":"Article","@id":"https:\/\/www.micro-vehicules.com\/blog\/clichy-la-garenne-la-meilleure-ville-du-92-%f0%9f%a4%af-football-foot-paris-clichy-france-92-shorts\/#article","isPartOf":{"@id":"https:\/\/www.micro-vehicules.com\/blog\/clichy-la-garenne-la-meilleure-ville-du-92-%f0%9f%a4%af-football-foot-paris-clichy-france-92-shorts\/"},"author":{"name":"Constant FOULE","@id":"https:\/\/www.micro-vehicules.com\/blog\/#\/schema\/person\/fe2699af12675c9a6c81f5147411ac97"},"headline":"(Clichy-la-Garenne): La meilleure ville du 92 ? \ud83e\udd2f #football #foot #paris #clichy #france #92 #shorts","datePublished":"2026-04-23T07:00:28+00:00","mainEntityOfPage":{"@id":"https:\/\/www.micro-vehicules.com\/blog\/clichy-la-garenne-la-meilleure-ville-du-92-%f0%9f%a4%af-football-foot-paris-clichy-france-92-shorts\/"},"wordCount":1668,"publisher":{"@id":"https:\/\/www.micro-vehicules.com\/blog\/#organization"},"image":{"@id":"https:\/\/www.micro-vehicules.com\/blog\/clichy-la-garenne-la-meilleure-ville-du-92-%f0%9f%a4%af-football-foot-paris-clichy-france-92-shorts\/#primaryimage"},"thumbnailUrl":"https:\/\/www.micro-vehicules.com\/blog\/wp-content\/uploads\/2026\/04\/Clichy-la-Garenne-La-meilleure-ville-du-92-football-foot-paris-1024x576-1.jpg","articleSection":["Br\u00e8ves Sur Voitures Sans Permis:"],"inLanguage":"fr-FR"},{"@type":"WebPage","@id":"https:\/\/www.micro-vehicules.com\/blog\/clichy-la-garenne-la-meilleure-ville-du-92-%f0%9f%a4%af-football-foot-paris-clichy-france-92-shorts\/","url":"https:\/\/www.micro-vehicules.com\/blog\/clichy-la-garenne-la-meilleure-ville-du-92-%f0%9f%a4%af-football-foot-paris-clichy-france-92-shorts\/","name":"(Clichy-la-Garenne): La meilleure ville du 92 ? \ud83e\udd2f #football #foot #paris #clichy #france #92 #shorts - MICRO-VEHICULES","isPartOf":{"@id":"https:\/\/www.micro-vehicules.com\/blog\/#website"},"primaryImageOfPage":{"@id":"https:\/\/www.micro-vehicules.com\/blog\/clichy-la-garenne-la-meilleure-ville-du-92-%f0%9f%a4%af-football-foot-paris-clichy-france-92-shorts\/#primaryimage"},"image":{"@id":"https:\/\/www.micro-vehicules.com\/blog\/clichy-la-garenne-la-meilleure-ville-du-92-%f0%9f%a4%af-football-foot-paris-clichy-france-92-shorts\/#primaryimage"},"thumbnailUrl":"https:\/\/www.micro-vehicules.com\/blog\/wp-content\/uploads\/2026\/04\/Clichy-la-Garenne-La-meilleure-ville-du-92-football-foot-paris-1024x576-1.jpg","datePublished":"2026-04-23T07:00:28+00:00","breadcrumb":{"@id":"https:\/\/www.micro-vehicules.com\/blog\/clichy-la-garenne-la-meilleure-ville-du-92-%f0%9f%a4%af-football-foot-paris-clichy-france-92-shorts\/#breadcrumb"},"inLanguage":"fr-FR","potentialAction":[{"@type":"ReadAction","target":["https:\/\/www.micro-vehicules.com\/blog\/clichy-la-garenne-la-meilleure-ville-du-92-%f0%9f%a4%af-football-foot-paris-clichy-france-92-shorts\/"]}]},{"@type":"ImageObject","inLanguage":"fr-FR","@id":"https:\/\/www.micro-vehicules.com\/blog\/clichy-la-garenne-la-meilleure-ville-du-92-%f0%9f%a4%af-football-foot-paris-clichy-france-92-shorts\/#primaryimage","url":"https:\/\/www.micro-vehicules.com\/blog\/wp-content\/uploads\/2026\/04\/Clichy-la-Garenne-La-meilleure-ville-du-92-football-foot-paris-1024x576-1.jpg","contentUrl":"https:\/\/www.micro-vehicules.com\/blog\/wp-content\/uploads\/2026\/04\/Clichy-la-Garenne-La-meilleure-ville-du-92-football-foot-paris-1024x576-1.jpg","width":1024,"height":576},{"@type":"BreadcrumbList","@id":"https:\/\/www.micro-vehicules.com\/blog\/clichy-la-garenne-la-meilleure-ville-du-92-%f0%9f%a4%af-football-foot-paris-clichy-france-92-shorts\/#breadcrumb","itemListElement":[{"@type":"ListItem","position":1,"name":"Accueil","item":"https:\/\/www.micro-vehicules.com\/blog\/"},{"@type":"ListItem","position":2,"name":"(Clichy-la-Garenne): La meilleure ville du 92 ? \ud83e\udd2f #football #foot #paris #clichy #france #92 #shorts"}]},{"@type":"WebSite","@id":"https:\/\/www.micro-vehicules.com\/blog\/#website","url":"https:\/\/www.micro-vehicules.com\/blog\/","name":"MICRO-VEHICULES","description":"Pour acheter une voiture sans permis.","publisher":{"@id":"https:\/\/www.micro-vehicules.com\/blog\/#organization"},"potentialAction":[{"@type":"SearchAction","target":{"@type":"EntryPoint","urlTemplate":"https:\/\/www.micro-vehicules.com\/blog\/?s={search_term_string}"},"query-input":{"@type":"PropertyValueSpecification","valueRequired":true,"valueName":"search_term_string"}}],"inLanguage":"fr-FR"},{"@type":"Organization","@id":"https:\/\/www.micro-vehicules.com\/blog\/#organization","name":"micro-vehicules","url":"https:\/\/www.micro-vehicules.com\/blog\/","logo":{"@type":"ImageObject","inLanguage":"fr-FR","@id":"https:\/\/www.micro-vehicules.com\/blog\/#\/schema\/logo\/image\/","url":"https:\/\/www.micro-vehicules.com\/blog\/wp-content\/uploads\/2023\/06\/logo-2.png","contentUrl":"https:\/\/www.micro-vehicules.com\/blog\/wp-content\/uploads\/2023\/06\/logo-2.png","width":340,"height":179,"caption":"micro-vehicules"},"image":{"@id":"https:\/\/www.micro-vehicules.com\/blog\/#\/schema\/logo\/image\/"}},{"@type":"Person","@id":"https:\/\/www.micro-vehicules.com\/blog\/#\/schema\/person\/fe2699af12675c9a6c81f5147411ac97","name":"Constant FOULE","image":{"@type":"ImageObject","inLanguage":"fr-FR","@id":"https:\/\/secure.gravatar.com\/avatar\/b89997095efd6ca2ab42b729fae544d241044664dbb4ec1b90634002c0516442?s=96&d=mm&r=g","url":"https:\/\/secure.gravatar.com\/avatar\/b89997095efd6ca2ab42b729fae544d241044664dbb4ec1b90634002c0516442?s=96&d=mm&r=g","contentUrl":"https:\/\/secure.gravatar.com\/avatar\/b89997095efd6ca2ab42b729fae544d241044664dbb4ec1b90634002c0516442?s=96&d=mm&r=g","caption":"Constant FOULE"},"url":"https:\/\/www.micro-vehicules.com\/blog\/author\/lesconstant\/"}]}},"_links":{"self":[{"href":"https:\/\/www.micro-vehicules.com\/blog\/wp-json\/wp\/v2\/posts\/1946","targetHints":{"allow":["GET"]}}],"collection":[{"href":"https:\/\/www.micro-vehicules.com\/blog\/wp-json\/wp\/v2\/posts"}],"about":[{"href":"https:\/\/www.micro-vehicules.com\/blog\/wp-json\/wp\/v2\/types\/post"}],"author":[{"embeddable":true,"href":"https:\/\/www.micro-vehicules.com\/blog\/wp-json\/wp\/v2\/users\/2"}],"replies":[{"embeddable":true,"href":"https:\/\/www.micro-vehicules.com\/blog\/wp-json\/wp\/v2\/comments?post=1946"}],"version-history":[{"count":0,"href":"https:\/\/www.micro-vehicules.com\/blog\/wp-json\/wp\/v2\/posts\/1946\/revisions"}],"wp:featuredmedia":[{"embeddable":true,"href":"https:\/\/www.micro-vehicules.com\/blog\/wp-json\/wp\/v2\/media\/1947"}],"wp:attachment":[{"href":"https:\/\/www.micro-vehicules.com\/blog\/wp-json\/wp\/v2\/media?parent=1946"}],"wp:term":[{"taxonomy":"category","embeddable":true,"href":"https:\/\/www.micro-vehicules.com\/blog\/wp-json\/wp\/v2\/categories?post=1946"},{"taxonomy":"post_tag","embeddable":true,"href":"https:\/\/www.micro-vehicules.com\/blog\/wp-json\/wp\/v2\/tags?post=1946"}],"curies":[{"name":"wp","href":"https:\/\/api.w.org\/{rel}","templated":true}]}}