{"id":1941,"date":"2026-04-18T06:01:38","date_gmt":"2026-04-18T04:01:38","guid":{"rendered":"https:\/\/www.micro-vehicules.com\/blog\/pantin-seine-saint-denis-micro-trottoir-la-seine-saint-denis-reagit-a-la-percee-du-rn\/"},"modified":"2026-04-18T06:01:38","modified_gmt":"2026-04-18T04:01:38","slug":"pantin-seine-saint-denis-micro-trottoir-la-seine-saint-denis-reagit-a-la-percee-du-rn","status":"publish","type":"post","link":"https:\/\/www.micro-vehicules.com\/blog\/pantin-seine-saint-denis-micro-trottoir-la-seine-saint-denis-reagit-a-la-percee-du-rn\/","title":{"rendered":"(Pantin Seine-Saint-Denis): [MICRO-TROTTOIR] : LA SEINE-SAINT-DENIS R\u00c9AGIT \u00c0 LA PERC\u00c9E DU RN"},"content":{"rendered":"<div><img loading=\"lazy\" width=\"750\" height=\"422\" src=\"https:\/\/www.micro-vehicules.com\/blog\/wp-content\/uploads\/2026\/04\/Pantin-Seine-Saint-Denis-MICRO-TROTTOIR-LA-SEINE-SAINT-DENIS-REAGIT-A-LA-PERCEE-1024x576-1.jpg\" class=\"attachment-large size-large wp-post-image\" alt=\"[MICRO-TROTTOIR] : LA SEINE-SAINT-DENIS R\u00c9AGIT \u00c0 LA PERC\u00c9E DU RN\" style=\"width:100%;height:56.25%;max-width:1280px;float:left; margin:0 15px 15px 0;\" decoding=\"async\" srcset=\"https:\/\/www.micro-vehicules.com\/blog\/wp-content\/uploads\/2026\/04\/Pantin-Seine-Saint-Denis-MICRO-TROTTOIR-LA-SEINE-SAINT-DENIS-REAGIT-A-LA-PERCEE-1024x576-1.jpg 1024w, https:\/\/www.site.cdcl.xyz\/wp-content\/uploads\/2026\/04\/Pantin-Seine-Saint-Denis-MICRO-TROTTOIR-LA-SEINE-SAINT-DENIS-REAGIT-A-LA-PERCEE-300x169.jpg 300w, https:\/\/www.site.cdcl.xyz\/wp-content\/uploads\/2026\/04\/Pantin-Seine-Saint-Denis-MICRO-TROTTOIR-LA-SEINE-SAINT-DENIS-REAGIT-A-LA-PERCEE-768x432.jpg 768w, https:\/\/www.site.cdcl.xyz\/wp-content\/uploads\/2026\/04\/Pantin-Seine-Saint-Denis-MICRO-TROTTOIR-LA-SEINE-SAINT-DENIS-REAGIT-A-LA-PERCEE.jpg 1280w\" sizes=\"auto, (max-width: 750px) 100vw, 750px\"><\/p>\n<h1>\nVous pouvez visionner ce film traitant de \u00abPantin Seine-Saint-Denis\u00bb en streaming sur youtube.<br \/>\n<\/h1>\n<h2>\nUn contenu enrichissant sign\u00e9 OMERTA au sujet de \u00ab\u00a0Pantin Seine-Saint-Denis\u00a0\u00bb.<br \/>\n<\/h2>\n<p>Cette vid\u00e9o est accessible sur youtube gr\u00e2ce \u00e0 OMERTA.<br \/>\nfocalis\u00e9 sur \u00ab\u00a0Pantin Seine-Saint-Denis\u00a0\u00bb:<br \/>\n<iframe loading=\"lazy\" title=\"[MICRO-TROTTOIR] : LA SEINE-SAINT-DENIS R\u00c9AGIT \u00c0 LA PERC\u00c9E DU RN\" width=\"580\" height=\"385\" src=\"https:\/\/www.youtube.com\/embed\/Y4_37vXbeJg?hl=fr&amp;modestbranding=1\" frameborder=\"0\" allowfullscreen><\/iframe><\/p>\n<p>La vid\u00e9o d\u2019une dur\u00e9e de 00:13:11 secondes, intitul\u00e9e [MICRO-TROTTOIR] : LA SEINE-SAINT-DENIS R\u00c9AGIT \u00c0 LA PERC\u00c9E DU RN, cr\u00e9\u00e9e par [vid_author_name], est accompagn\u00e9e de la description suivante :\u00ab<i>  Quelques jours apr\u00e8s l\u2019arriv\u00e9e en t\u00eate du Rassemblement national lors des \u00e9lections europ\u00e9ennes, nous sommes all\u00e9s en Seine-Saint-Denis pour savoir ce que pensaient les habitants de cette perc\u00e9e du parti. Alors que le pr\u00e9sident de la R\u00e9publique, Emmanuel Macron, a dissout l\u2019Assembl\u00e9e nationale, de nouvelles \u00e9lections l\u00e9gislatives seront organis\u00e9es le 30 juin et le 7 juillet. Un scrutin qui pourrait permettre au RN d\u2019acc\u00e9der \u00e0 Matignon. Nous leur avons \u00e9galement demand\u00e9 ce qu\u2019ils pensaient d\u2019une possible arriv\u00e9e du parti aux seins des plus hautes instances de l\u2019\u00c9tat.<\/i><\/p>\n<p><img decoding=\"async\" src=\"https:\/\/www.micro-vehicules.com\/blog\/wp-content\/uploads\/2026\/04\/1f4bb.png\" alt=\"\ud83d\udcbb\" class=\"wp-smiley\" style=\"height: 1em; max-height: 1em;\"> [ BOUTIQUE OMERTA ]<br \/>\nhttps:\/\/boutique.omertamedia.fr <img decoding=\"async\" src=\"https:\/\/www.micro-vehicules.com\/blog\/wp-content\/uploads\/2026\/04\/1f4f1.png\" alt=\"\ud83d\udcf1\" class=\"wp-smiley\" style=\"height: 1em; max-height: 1em;\">[ APPLICATION OMERTA \/ ABONNEMENT ]<br \/>\nhttps:\/\/www.omertamedia.fr\/abonnement\/ https:\/\/www.omertamedia.fr\/movies-home\/ <img decoding=\"async\" src=\"https:\/\/www.micro-vehicules.com\/blog\/wp-content\/uploads\/2026\/04\/1f5de.png\" alt=\"\ud83d\uddde\" class=\"wp-smiley\" style=\"height: 1em; max-height: 1em;\"> [ MAGAZINE OMERTA \/ ABONNEMENT ]<br \/>\nhttps:\/\/www.omertamedia.fr\/magazine\/<\/p>\n<p><img decoding=\"async\" src=\"https:\/\/www.micro-vehicules.com\/blog\/wp-content\/uploads\/2026\/04\/1f4cd-1.png\" alt=\"\ud83d\udccd\" class=\"wp-smiley\" style=\"height: 1em; max-height: 1em;\"> Retrouvez-nous sur : <\/p>\n<p>Notre site web https:\/\/www.omertamedia.fr\/<br \/>\nInstagram https:\/\/www.instagram.com\/omertamediaofficiel\/<br \/>\nTwitter https:\/\/twitter.com\/Omerta_officiel<br \/>\nTikTok https:\/\/www.tiktok.com\/@omerta_officiel<br \/>\nTelegram https:\/\/t.me\/omertamedia<br \/>\nFacebook https:\/\/www.facebook.com\/profile.php?id=100085940151972<\/p>\n<p>Merci de votre soutien. Soutenir notre m\u00e9dia, c\u2019est plus qu\u2019un simple clic.    \u00bb.\n<\/p>\n<\/p>\n<h2>PANTIN : Une ville au Bord du Pr\u00e9cipice \u00c9thique et Financier<\/h2>\n<p>Un rapport d\u2019enqu\u00eate effectu\u00e9 en \u00cele-de-France par un organisme ind\u00e9pendant, accompagn\u00e9 d\u2019une consultation en ligne, souligne la d\u00e9gradation des finances publiques et de la gestion de Pantin.<\/p>\n<p>Afin de se familiariser avec l\u2019audit, <a target=\"_blank\" rel=\"nofollow\" href=\"https:\/\/www.micro-vehicules.com\/blog\/goto\/https:\/\/www.bilan-de-mandat.fr\/ile-de-france\/mairie\/seine-saint-denis_pantin\/\"  rel=\"noopener noreferrer\" target=\"blank\">l\u2019ensemble des informations financi\u00e8res peut \u00eatre consult\u00e9 sur la page du bilan de mandat<\/a>.<\/p>\n<p>Malgr\u00e9 des atouts indiscutables, Pantin a choisi une gestion peu fiable tant sur le plan financier que dans la gestion publique<\/p>\n<p>La responsabilit\u00e9 de la municipalit\u00e9 sous la direction de BERTRAND KERN est clairement engag\u00e9e, bien qu\u2019un tiers des probl\u00e8mes soit attribuable \u00e0 la conjoncture.<\/p>\n<p>Cette \u00e9tude a \u00e9t\u00e9 effectu\u00e9e par le site ind\u00e9pendant Bilan de Mandat, qui a rassembl\u00e9 les donn\u00e9es budg\u00e9taires publi\u00e9es en ligne par le minist\u00e8re des Finances sur les 7 derni\u00e8res ann\u00e9es<\/p>\n<h3>La d\u00e9mocratie locale en souffrance<\/h3>\n<p>De 2020 \u00e0 2025, le vivre ensemble a perdu sa signification, faute d\u2019un projet de territoire d\u00e9fendu par une municipalit\u00e9 unie. Les difficult\u00e9s financi\u00e8res vont accentuer les conflits au sein de la communaut\u00e9, provoquant :<\/p>\n<ul>\n<li>Manifestations et insatisfaction : Les citoyens vont planifier des manifestations pour faire entendre leur m\u00e9contentement face \u00e0 la hausse des imp\u00f4ts ou \u00e0 la r\u00e9duction des services.\n<\/li>\n<li>Conflits d\u2019int\u00e9r\u00eats entre diff\u00e9rentes factions : Les choix budg\u00e9taires vont provoquer des tensions entre diff\u00e9rents groupes, tels que les usagers de services publics et les contribuables.\n<\/li>\n<li>Affaiblissement des liens sociaux : Une atmosph\u00e8re de m\u00e9contentement nuira \u00e0 l\u2019unit\u00e9 au sein de la communaut\u00e9.<\/li>\n<\/ul>\n<h3>Cons\u00e9quences sur la croissance \u00e9conomique locale<\/h3>\n<p>Une gestion financi\u00e8re instable aura des cons\u00e9quences sur le d\u00e9veloppement \u00e9conomique, notamment :<\/p>\n<ul>\n<li>R\u00e9duction des investissements : Les entreprises pourraient \u00eatre r\u00e9ticentes \u00e0 s\u2019installer dans une collectivit\u00e9 en proie \u00e0 des probl\u00e8mes financiers, restreignant ainsi les opportunit\u00e9s d\u2019emploi.\n<\/li>\n<li>R\u00e9duction de l\u2019attrait \u00e9conomique : Une gestion inefficace va ternir l\u2019image de la collectivit\u00e9, compliquant ainsi l\u2019attraction de nouveaux r\u00e9sidents ou investisseurs.\n<\/li>\n<li>Diminution des collaborations : Les collectivit\u00e9s en difficult\u00e9 rencontreront des difficult\u00e9s pour \u00e9tablir des alliances avec d\u2019autres entit\u00e9s, ce qui limitera les opportunit\u00e9s de coop\u00e9ration.<\/li>\n<\/ul>\n<h3>R\u00e9mun\u00e9ration des fonctionnaires<\/h3>\n<p>La r\u00e9mun\u00e9ration des employ\u00e9s de la commune repr\u00e9sente une part consid\u00e9rable des d\u00e9penses, atteignant en 2025 un seuil inqui\u00e9tant alors que les salaires stagnent. Les suites de cette situation sont nombreuses :<\/p>\n<ul>\n<li>D\u00e9motivation des employ\u00e9s exp\u00e9riment\u00e9s : L\u2019absence d\u2019\u00e9volution des salaires pour les employ\u00e9s exp\u00e9riment\u00e9s va engendrer une perte de motivation, nuisant \u00e0 la qualit\u00e9 des services rendus.: Turnover important\n<\/li>\n<li>Rotation accrue du personnel : Des salaires fig\u00e9s vont pousser les agents \u00e0 explorer d\u2019autres opportunit\u00e9s, entra\u00eenant un turnover accru et des co\u00fbts de formation suppl\u00e9mentaires pour la commune.\n<\/li>\n<li>Diff\u00e9rences de salaires : La diff\u00e9rence de salaires entre les nouveaux agents et les agents historiques va entra\u00eener des tensions au sein de l\u2019\u00e9quipe municipale.\n<\/li>\n<li>D\u00e9clin de la qualit\u00e9 des services publics : Un effectif d\u00e9moralis\u00e9 et instable va nuire \u00e0 la qualit\u00e9 des services publics, ayant un impact direct sur les citoyens.\n<\/li>\n<li>Pression sur les finances: L\u2019exigence de maintenir des r\u00e9mun\u00e9rations attractives pour recruter de nouveaux employ\u00e9s va cr\u00e9er une pression additionnelle sur le budget municipal.<\/li>\n<\/ul>\n<h3>Augmentation des pr\u00e9l\u00e8vements fiscaux sur les citoyens PANTINOIS<\/h3>\n<p>La commune n\u2019a d\u2019autre choix que d\u2019augmenter les charges fiscales de mani\u00e8re significative, mais cela n\u2019a pas \u00e9t\u00e9 fait en 2025 en raison des \u00e9lections municipales de 2026. Les impacts de cette situation sont pr\u00e9occupants :<\/p>\n<ul>\n<li>Insatisfaction des contribuables : Une hausse des imp\u00f4ts va susciter un m\u00e9contentement parmi les citoyens, alt\u00e9rant leur confiance envers la municipalit\u00e9.\n<\/li>\n<li>Diminution des sources de revenus fiscaux : L\u2019augmentation des taxes va amener certains citoyens \u00e0 partir, ce qui r\u00e9duit la base fiscale \u00e0 long terme.\n<\/li>\n<li>Challenges pour les foyers : L\u2019\u00e9l\u00e9vation des pr\u00e9l\u00e8vements va avoir un impact sur le budget des m\u00e9nages, creusant les in\u00e9galit\u00e9s sociales.\n<\/li>\n<li>Report des investissements : Le non-accroissement des pr\u00e9l\u00e8vements en 2025 va retarder des projets d\u2019investissement indispensables pour le d\u00e9veloppement de la commune.\n<\/li>\n<li>Stress sur les services publics : L\u2019exigence de compenser les pertes de revenus va engendrer des coupes dans les prestations publiques, nuisant \u00e0 la qualit\u00e9 de vie des citoyens.<\/li>\n<\/ul>\n<h3>FAQ de la municipalit\u00e9 de Pantin<\/h3>\n<h4>Quels sont les canaux d\u2019information disponibles dans Pantin ?<\/h4>\n<p>Essentiellement, les informations sur internet. Les habitants peuvent se tenir inform\u00e9s gr\u00e2ce aux actualit\u00e9s et au journal municipal de la ville et des localit\u00e9s environnantes. Sur le site de la mairie, les nouveaux habitants peuvent consulter la page de bienvenue, les num\u00e9ros utiles pour diff\u00e9rentes d\u00e9marches, l\u2019annuaire des petites et moyennes entreprises, les journ\u00e9es et activit\u00e9s gratuites, les informations concernant la rentr\u00e9e scolaire, les menus des cantines, l\u2019espace de confidentialit\u00e9 pour les comptes familiaux et les d\u00e9marches administratives, en particulier celles du secteur scolaire. Sur d\u2019autres sites internet qui ne sont pas administr\u00e9s par la mairie, les citoyens peuvent acc\u00e9der aux informations concernant les \u00e9v\u00e9nements culturels (spectacles, th\u00e9\u00e2tres, festivals) qui enrichissent la vie locale et offrent une perspective sur la culture.<\/p>\n<h4>Quelles activit\u00e9s en lien avec l\u2019histoire et la culture existent ?<\/h4>\n<p>Le pass\u00e9 d\u2019une ville est le miroir de sa culture. La construction de la mairie ou de l\u2019h\u00f4tel de ville, les anciennes images de l\u2019\u00e9cole, et le travail des m\u00e9tiers traditionnels permettent d\u2019explorer gratuitement, de transmettre et de pr\u00e9server ce patrimoine communal. \u00c0 l\u2019\u00e9chelle nationale, la politique de sensibilisation permet de maintenir le patrimoine de la ville vivant et \u00e0 la disposition des g\u00e9n\u00e9rations futures.<\/p>\n<h4>Quelle est la conclusion essentielle de l\u2019audit financier concernant Pantin ?<\/h4>\n<p>L\u2019enqu\u00eate met en exergue une d\u00e9gradation inqui\u00e9tante des finances publiques et de la gestion de Pantin, soulignant une gestion imprudente sur les plans financier et public.<\/p>\n<h4>Quels aspects ont influenc\u00e9 cette crise financi\u00e8re ?<\/h4>\n<p>Bien que le cadre \u00e9conomique soit un \u00e9l\u00e9ment \u00e0 consid\u00e9rer, deux tiers des probl\u00e8mes rencontr\u00e9s sont attribuables aux choix politiques de la municipalit\u00e9 dirig\u00e9e par BERTRAND KERN.<\/p>\n<h4>Qui est le maire de Pantin ?<\/h4>\n<p>BERTRAND KERN<\/p>\n<h4>Quelles sont les fa\u00e7ons de participer aux activit\u00e9s des associations ?<\/h4>\n<p>Dans chaque commune, il est manifeste que le nombre d\u2019associations et le planning de leurs \u00e9v\u00e9nements (th\u00e9\u00e2tre, festival\u2026) sont significatifs et ne sont pas soumis \u00e0 la politique de la mairie. Les associations, comme c\u2019est le cas dans tout le pays, mettent en \u0153uvre divers \u00e9v\u00e9nements tout au long de l\u2019ann\u00e9e. Pour ceux qui d\u00e9sirent participer, il est simple de s\u2019inscrire \u00e0 ces activit\u00e9s en ligne, o\u00f9 un simple clic permet d\u2019acc\u00e9der \u00e0 l\u2019agenda des \u00e9v\u00e9nements ou aux num\u00e9ros de t\u00e9l\u00e9phone des responsables. Inscrivez-vous en un seul clic.<\/p>\n<\/p>\n<h4>Quelle est la condition des associations locales dans Pantin ?<\/h4>\n<p>Les associations locales jouent un r\u00f4le essentiel dans le secteur culturel. Pour trouver les coordonn\u00e9es d\u2019une association, il vous suffit de consulter l\u2019annuaire en ligne sur le site de la mairie de Pantin\n<\/p>\n<p> Ce lien vous permet de voir la vid\u00e9o sur youtube :<br \/>\n<u> la source:<\/u> <a target=\"_blank\" rel=\"nofollow\" href=\"https:\/\/www.micro-vehicules.com\/blog\/goto\/https:\/\/www.youtube.com\/watch?v=Y4_37vXbeJg\" >Cliquer ici<\/a>\n<\/p>\n<p>\n#MICROTROTTOIR #SEINESAINTDENIS #R\u00c9AGIT #PERC\u00c9E\n<\/p>\n<p>\n<u>Retranscription des paroles de la vid\u00e9o:<\/u> Non disponible.<br \/>\n.\n<\/p>\n<p>\n<img decoding=\"async\" src=\"https:\/\/www.micro-vehicules.com\/blog\/wp-content\/uploads\/2026\/04\/hqdefault-5.jpg\" alt=\"Image youtube\">\n<\/p>\n<p>\n<u>D\u00e9roulement de la vid\u00e9o:<\/u>\n<\/p>\n<p>\nIndisponible.<br \/>\n.<\/p>\n<\/div>\n<p><img decoding=\"async\" class=\"wpe_imgrss\" src=\"https:\/\/www.micro-vehicules.com\/blog\/wp-content\/uploads\/2026\/04\/Pantin-Seine-Saint-Denis-MICRO-TROTTOIR-LA-SEINE-SAINT-DENIS-REAGIT-A-LA-PERCEE-1024x576-1.jpg\">Pour vous, cet article autour du th\u00e8me \u00ab\u00a0Voitures sans permis\u00a0\u00bb vous est propos\u00e9 par micro-vehicules.com. La chronique est produite du mieux possible. Il est possible d\u2019\u00e9crire en utilisant les coordonn\u00e9es indiqu\u00e9es sur notre site web afin d&rsquo;apporter des d\u00e9tails sur ce contenu qui parle du th\u00e8me \u00ab\u00a0Voitures sans permis\u00a0\u00bb. La mission de micro-vehicules.com \u00e9tant de rassembler sur le web des infos sur le th\u00e8me de Voitures sans permis et ensuite les pr\u00e9senter en t\u00e2chant de r\u00e9pondre du mieux possible aux interrogations des personnes. En consultant de mani\u00e8re r\u00e9guli\u00e8re nos pages de blog vous serez inform\u00e9 des prochaines parutions.<\/p>\n","protected":false},"excerpt":{"rendered":"<p>Vous pouvez visionner ce film traitant de \u00abPantin Seine-Saint-Denis\u00bb en streaming sur youtube. Un contenu enrichissant sign\u00e9 OMERTA au sujet de \u00ab\u00a0Pantin Seine-Saint-Denis\u00a0\u00bb. Cette vid\u00e9o est accessible sur youtube gr\u00e2ce \u00e0 OMERTA. focalis\u00e9 sur \u00ab\u00a0Pantin Seine-Saint-Denis\u00a0\u00bb: La vid\u00e9o d\u2019une dur\u00e9e de 00:13:11 secondes, intitul\u00e9e [MICRO-TROTTOIR] : LA SEINE-SAINT-DENIS R\u00c9AGIT \u00c0 LA PERC\u00c9E DU RN, cr\u00e9\u00e9e par [vid_author_name], est accompagn\u00e9e de la description suivante :\u00ab Quelques jours apr\u00e8s l\u2019arriv\u00e9e en t\u00eate du Rassemblement national lors des \u00e9lections europ\u00e9ennes, nous sommes all\u00e9s en Seine-Saint-Denis pour savoir ce que pensaient les habitants de cette perc\u00e9e du parti. Alors que le pr\u00e9sident de la\u2026<\/p>\n","protected":false},"author":2,"featured_media":1942,"comment_status":"closed","ping_status":"closed","sticky":false,"template":"","format":"standard","meta":{"footnotes":""},"categories":[4],"tags":[],"class_list":["post-1941","post","type-post","status-publish","format-standard","has-post-thumbnail","hentry","category-breves-sur-voitures-sans-permis"],"blocksy_meta":"","yoast_head":"<!-- This site is optimized with the Yoast SEO plugin v27.5 - https:\/\/yoast.com\/product\/yoast-seo-wordpress\/ -->\n<title>(Pantin Seine-Saint-Denis): [MICRO-TROTTOIR] : LA SEINE-SAINT-DENIS R\u00c9AGIT \u00c0 LA PERC\u00c9E DU RN - MICRO-VEHICULES<\/title>\n<meta name=\"robots\" content=\"index, follow, max-snippet:-1, max-image-preview:large, max-video-preview:-1\" \/>\n<link rel=\"canonical\" href=\"https:\/\/www.micro-vehicules.com\/blog\/pantin-seine-saint-denis-micro-trottoir-la-seine-saint-denis-reagit-a-la-percee-du-rn\/\" \/>\n<meta property=\"og:locale\" content=\"fr_FR\" \/>\n<meta property=\"og:type\" content=\"article\" \/>\n<meta property=\"og:title\" content=\"(Pantin Seine-Saint-Denis): [MICRO-TROTTOIR] : LA SEINE-SAINT-DENIS R\u00c9AGIT \u00c0 LA PERC\u00c9E DU RN - MICRO-VEHICULES\" \/>\n<meta property=\"og:description\" content=\"Vous pouvez visionner ce film traitant de \u00abPantin Seine-Saint-Denis\u00bb en streaming sur youtube. Un contenu enrichissant sign\u00e9 OMERTA au sujet de \u00ab\u00a0Pantin Seine-Saint-Denis\u00a0\u00bb. Cette vid\u00e9o est accessible sur youtube gr\u00e2ce \u00e0 OMERTA. focalis\u00e9 sur \u00ab\u00a0Pantin Seine-Saint-Denis\u00a0\u00bb: La vid\u00e9o d\u2019une dur\u00e9e de 00:13:11 secondes, intitul\u00e9e [MICRO-TROTTOIR] : LA SEINE-SAINT-DENIS R\u00c9AGIT \u00c0 LA PERC\u00c9E DU RN, cr\u00e9\u00e9e par [vid_author_name], est accompagn\u00e9e de la description suivante :\u00ab Quelques jours apr\u00e8s l\u2019arriv\u00e9e en t\u00eate du Rassemblement national lors des \u00e9lections europ\u00e9ennes, nous sommes all\u00e9s en Seine-Saint-Denis pour savoir ce que pensaient les habitants de cette perc\u00e9e du parti. Alors que le pr\u00e9sident de la\u2026\" \/>\n<meta property=\"og:url\" content=\"https:\/\/www.micro-vehicules.com\/blog\/pantin-seine-saint-denis-micro-trottoir-la-seine-saint-denis-reagit-a-la-percee-du-rn\/\" \/>\n<meta property=\"og:site_name\" content=\"MICRO-VEHICULES\" \/>\n<meta property=\"article:published_time\" content=\"2026-04-18T04:01:38+00:00\" \/>\n<meta property=\"og:image\" content=\"https:\/\/www.micro-vehicules.com\/blog\/wp-content\/uploads\/2026\/04\/Pantin-Seine-Saint-Denis-MICRO-TROTTOIR-LA-SEINE-SAINT-DENIS-REAGIT-A-LA-PERCEE-1024x576-1.jpg\" \/>\n<meta name=\"author\" content=\"Constant FOULE\" \/>\n<meta name=\"twitter:card\" content=\"summary_large_image\" \/>\n<meta name=\"twitter:label1\" content=\"\u00c9crit par\" \/>\n\t<meta name=\"twitter:data1\" content=\"Constant FOULE\" \/>\n\t<meta name=\"twitter:label2\" content=\"Dur\u00e9e de lecture estim\u00e9e\" \/>\n\t<meta name=\"twitter:data2\" content=\"8 minutes\" \/>\n<script type=\"application\/ld+json\" class=\"yoast-schema-graph\">{\"@context\":\"https:\\\/\\\/schema.org\",\"@graph\":[{\"@type\":\"Article\",\"@id\":\"https:\\\/\\\/www.micro-vehicules.com\\\/blog\\\/pantin-seine-saint-denis-micro-trottoir-la-seine-saint-denis-reagit-a-la-percee-du-rn\\\/#article\",\"isPartOf\":{\"@id\":\"https:\\\/\\\/www.micro-vehicules.com\\\/blog\\\/pantin-seine-saint-denis-micro-trottoir-la-seine-saint-denis-reagit-a-la-percee-du-rn\\\/\"},\"author\":{\"name\":\"Constant FOULE\",\"@id\":\"https:\\\/\\\/www.micro-vehicules.com\\\/blog\\\/#\\\/schema\\\/person\\\/fe2699af12675c9a6c81f5147411ac97\"},\"headline\":\"(Pantin Seine-Saint-Denis): [MICRO-TROTTOIR] : LA SEINE-SAINT-DENIS R\u00c9AGIT \u00c0 LA PERC\u00c9E DU RN\",\"datePublished\":\"2026-04-18T04:01:38+00:00\",\"mainEntityOfPage\":{\"@id\":\"https:\\\/\\\/www.micro-vehicules.com\\\/blog\\\/pantin-seine-saint-denis-micro-trottoir-la-seine-saint-denis-reagit-a-la-percee-du-rn\\\/\"},\"wordCount\":1650,\"publisher\":{\"@id\":\"https:\\\/\\\/www.micro-vehicules.com\\\/blog\\\/#organization\"},\"image\":{\"@id\":\"https:\\\/\\\/www.micro-vehicules.com\\\/blog\\\/pantin-seine-saint-denis-micro-trottoir-la-seine-saint-denis-reagit-a-la-percee-du-rn\\\/#primaryimage\"},\"thumbnailUrl\":\"https:\\\/\\\/www.micro-vehicules.com\\\/blog\\\/wp-content\\\/uploads\\\/2026\\\/04\\\/Pantin-Seine-Saint-Denis-MICRO-TROTTOIR-LA-SEINE-SAINT-DENIS-REAGIT-A-LA-PERCEE-1024x576-1.jpg\",\"articleSection\":[\"Br\u00e8ves Sur Voitures Sans Permis:\"],\"inLanguage\":\"fr-FR\"},{\"@type\":\"WebPage\",\"@id\":\"https:\\\/\\\/www.micro-vehicules.com\\\/blog\\\/pantin-seine-saint-denis-micro-trottoir-la-seine-saint-denis-reagit-a-la-percee-du-rn\\\/\",\"url\":\"https:\\\/\\\/www.micro-vehicules.com\\\/blog\\\/pantin-seine-saint-denis-micro-trottoir-la-seine-saint-denis-reagit-a-la-percee-du-rn\\\/\",\"name\":\"(Pantin Seine-Saint-Denis): [MICRO-TROTTOIR] : LA SEINE-SAINT-DENIS R\u00c9AGIT \u00c0 LA PERC\u00c9E DU RN - MICRO-VEHICULES\",\"isPartOf\":{\"@id\":\"https:\\\/\\\/www.micro-vehicules.com\\\/blog\\\/#website\"},\"primaryImageOfPage\":{\"@id\":\"https:\\\/\\\/www.micro-vehicules.com\\\/blog\\\/pantin-seine-saint-denis-micro-trottoir-la-seine-saint-denis-reagit-a-la-percee-du-rn\\\/#primaryimage\"},\"image\":{\"@id\":\"https:\\\/\\\/www.micro-vehicules.com\\\/blog\\\/pantin-seine-saint-denis-micro-trottoir-la-seine-saint-denis-reagit-a-la-percee-du-rn\\\/#primaryimage\"},\"thumbnailUrl\":\"https:\\\/\\\/www.micro-vehicules.com\\\/blog\\\/wp-content\\\/uploads\\\/2026\\\/04\\\/Pantin-Seine-Saint-Denis-MICRO-TROTTOIR-LA-SEINE-SAINT-DENIS-REAGIT-A-LA-PERCEE-1024x576-1.jpg\",\"datePublished\":\"2026-04-18T04:01:38+00:00\",\"breadcrumb\":{\"@id\":\"https:\\\/\\\/www.micro-vehicules.com\\\/blog\\\/pantin-seine-saint-denis-micro-trottoir-la-seine-saint-denis-reagit-a-la-percee-du-rn\\\/#breadcrumb\"},\"inLanguage\":\"fr-FR\",\"potentialAction\":[{\"@type\":\"ReadAction\",\"target\":[\"https:\\\/\\\/www.micro-vehicules.com\\\/blog\\\/pantin-seine-saint-denis-micro-trottoir-la-seine-saint-denis-reagit-a-la-percee-du-rn\\\/\"]}]},{\"@type\":\"ImageObject\",\"inLanguage\":\"fr-FR\",\"@id\":\"https:\\\/\\\/www.micro-vehicules.com\\\/blog\\\/pantin-seine-saint-denis-micro-trottoir-la-seine-saint-denis-reagit-a-la-percee-du-rn\\\/#primaryimage\",\"url\":\"https:\\\/\\\/www.micro-vehicules.com\\\/blog\\\/wp-content\\\/uploads\\\/2026\\\/04\\\/Pantin-Seine-Saint-Denis-MICRO-TROTTOIR-LA-SEINE-SAINT-DENIS-REAGIT-A-LA-PERCEE-1024x576-1.jpg\",\"contentUrl\":\"https:\\\/\\\/www.micro-vehicules.com\\\/blog\\\/wp-content\\\/uploads\\\/2026\\\/04\\\/Pantin-Seine-Saint-Denis-MICRO-TROTTOIR-LA-SEINE-SAINT-DENIS-REAGIT-A-LA-PERCEE-1024x576-1.jpg\",\"width\":1024,\"height\":576},{\"@type\":\"BreadcrumbList\",\"@id\":\"https:\\\/\\\/www.micro-vehicules.com\\\/blog\\\/pantin-seine-saint-denis-micro-trottoir-la-seine-saint-denis-reagit-a-la-percee-du-rn\\\/#breadcrumb\",\"itemListElement\":[{\"@type\":\"ListItem\",\"position\":1,\"name\":\"Accueil\",\"item\":\"https:\\\/\\\/www.micro-vehicules.com\\\/blog\\\/\"},{\"@type\":\"ListItem\",\"position\":2,\"name\":\"(Pantin Seine-Saint-Denis): [MICRO-TROTTOIR] : LA SEINE-SAINT-DENIS R\u00c9AGIT \u00c0 LA PERC\u00c9E DU RN\"}]},{\"@type\":\"WebSite\",\"@id\":\"https:\\\/\\\/www.micro-vehicules.com\\\/blog\\\/#website\",\"url\":\"https:\\\/\\\/www.micro-vehicules.com\\\/blog\\\/\",\"name\":\"MICRO-VEHICULES\",\"description\":\"Pour acheter une voiture sans permis.\",\"publisher\":{\"@id\":\"https:\\\/\\\/www.micro-vehicules.com\\\/blog\\\/#organization\"},\"potentialAction\":[{\"@type\":\"SearchAction\",\"target\":{\"@type\":\"EntryPoint\",\"urlTemplate\":\"https:\\\/\\\/www.micro-vehicules.com\\\/blog\\\/?s={search_term_string}\"},\"query-input\":{\"@type\":\"PropertyValueSpecification\",\"valueRequired\":true,\"valueName\":\"search_term_string\"}}],\"inLanguage\":\"fr-FR\"},{\"@type\":\"Organization\",\"@id\":\"https:\\\/\\\/www.micro-vehicules.com\\\/blog\\\/#organization\",\"name\":\"micro-vehicules\",\"url\":\"https:\\\/\\\/www.micro-vehicules.com\\\/blog\\\/\",\"logo\":{\"@type\":\"ImageObject\",\"inLanguage\":\"fr-FR\",\"@id\":\"https:\\\/\\\/www.micro-vehicules.com\\\/blog\\\/#\\\/schema\\\/logo\\\/image\\\/\",\"url\":\"https:\\\/\\\/www.micro-vehicules.com\\\/blog\\\/wp-content\\\/uploads\\\/2023\\\/06\\\/logo-2.png\",\"contentUrl\":\"https:\\\/\\\/www.micro-vehicules.com\\\/blog\\\/wp-content\\\/uploads\\\/2023\\\/06\\\/logo-2.png\",\"width\":340,\"height\":179,\"caption\":\"micro-vehicules\"},\"image\":{\"@id\":\"https:\\\/\\\/www.micro-vehicules.com\\\/blog\\\/#\\\/schema\\\/logo\\\/image\\\/\"}},{\"@type\":\"Person\",\"@id\":\"https:\\\/\\\/www.micro-vehicules.com\\\/blog\\\/#\\\/schema\\\/person\\\/fe2699af12675c9a6c81f5147411ac97\",\"name\":\"Constant FOULE\",\"image\":{\"@type\":\"ImageObject\",\"inLanguage\":\"fr-FR\",\"@id\":\"https:\\\/\\\/secure.gravatar.com\\\/avatar\\\/b89997095efd6ca2ab42b729fae544d241044664dbb4ec1b90634002c0516442?s=96&d=mm&r=g\",\"url\":\"https:\\\/\\\/secure.gravatar.com\\\/avatar\\\/b89997095efd6ca2ab42b729fae544d241044664dbb4ec1b90634002c0516442?s=96&d=mm&r=g\",\"contentUrl\":\"https:\\\/\\\/secure.gravatar.com\\\/avatar\\\/b89997095efd6ca2ab42b729fae544d241044664dbb4ec1b90634002c0516442?s=96&d=mm&r=g\",\"caption\":\"Constant FOULE\"},\"url\":\"https:\\\/\\\/www.micro-vehicules.com\\\/blog\\\/author\\\/lesconstant\\\/\"}]}<\/script>\n<!-- \/ Yoast SEO plugin. -->","yoast_head_json":{"title":"(Pantin Seine-Saint-Denis): [MICRO-TROTTOIR] : LA SEINE-SAINT-DENIS R\u00c9AGIT \u00c0 LA PERC\u00c9E DU RN - MICRO-VEHICULES","robots":{"index":"index","follow":"follow","max-snippet":"max-snippet:-1","max-image-preview":"max-image-preview:large","max-video-preview":"max-video-preview:-1"},"canonical":"https:\/\/www.micro-vehicules.com\/blog\/pantin-seine-saint-denis-micro-trottoir-la-seine-saint-denis-reagit-a-la-percee-du-rn\/","og_locale":"fr_FR","og_type":"article","og_title":"(Pantin Seine-Saint-Denis): [MICRO-TROTTOIR] : LA SEINE-SAINT-DENIS R\u00c9AGIT \u00c0 LA PERC\u00c9E DU RN - MICRO-VEHICULES","og_description":"Vous pouvez visionner ce film traitant de \u00abPantin Seine-Saint-Denis\u00bb en streaming sur youtube. Un contenu enrichissant sign\u00e9 OMERTA au sujet de \u00ab\u00a0Pantin Seine-Saint-Denis\u00a0\u00bb. Cette vid\u00e9o est accessible sur youtube gr\u00e2ce \u00e0 OMERTA. focalis\u00e9 sur \u00ab\u00a0Pantin Seine-Saint-Denis\u00a0\u00bb: La vid\u00e9o d\u2019une dur\u00e9e de 00:13:11 secondes, intitul\u00e9e [MICRO-TROTTOIR] : LA SEINE-SAINT-DENIS R\u00c9AGIT \u00c0 LA PERC\u00c9E DU RN, cr\u00e9\u00e9e par [vid_author_name], est accompagn\u00e9e de la description suivante :\u00ab Quelques jours apr\u00e8s l\u2019arriv\u00e9e en t\u00eate du Rassemblement national lors des \u00e9lections europ\u00e9ennes, nous sommes all\u00e9s en Seine-Saint-Denis pour savoir ce que pensaient les habitants de cette perc\u00e9e du parti. Alors que le pr\u00e9sident de la\u2026","og_url":"https:\/\/www.micro-vehicules.com\/blog\/pantin-seine-saint-denis-micro-trottoir-la-seine-saint-denis-reagit-a-la-percee-du-rn\/","og_site_name":"MICRO-VEHICULES","article_published_time":"2026-04-18T04:01:38+00:00","og_image":[{"url":"https:\/\/www.micro-vehicules.com\/blog\/wp-content\/uploads\/2026\/04\/Pantin-Seine-Saint-Denis-MICRO-TROTTOIR-LA-SEINE-SAINT-DENIS-REAGIT-A-LA-PERCEE-1024x576-1.jpg","type":"","width":"","height":""}],"author":"Constant FOULE","twitter_card":"summary_large_image","twitter_misc":{"\u00c9crit par":"Constant FOULE","Dur\u00e9e de lecture estim\u00e9e":"8 minutes"},"schema":{"@context":"https:\/\/schema.org","@graph":[{"@type":"Article","@id":"https:\/\/www.micro-vehicules.com\/blog\/pantin-seine-saint-denis-micro-trottoir-la-seine-saint-denis-reagit-a-la-percee-du-rn\/#article","isPartOf":{"@id":"https:\/\/www.micro-vehicules.com\/blog\/pantin-seine-saint-denis-micro-trottoir-la-seine-saint-denis-reagit-a-la-percee-du-rn\/"},"author":{"name":"Constant FOULE","@id":"https:\/\/www.micro-vehicules.com\/blog\/#\/schema\/person\/fe2699af12675c9a6c81f5147411ac97"},"headline":"(Pantin Seine-Saint-Denis): [MICRO-TROTTOIR] : LA SEINE-SAINT-DENIS R\u00c9AGIT \u00c0 LA PERC\u00c9E DU RN","datePublished":"2026-04-18T04:01:38+00:00","mainEntityOfPage":{"@id":"https:\/\/www.micro-vehicules.com\/blog\/pantin-seine-saint-denis-micro-trottoir-la-seine-saint-denis-reagit-a-la-percee-du-rn\/"},"wordCount":1650,"publisher":{"@id":"https:\/\/www.micro-vehicules.com\/blog\/#organization"},"image":{"@id":"https:\/\/www.micro-vehicules.com\/blog\/pantin-seine-saint-denis-micro-trottoir-la-seine-saint-denis-reagit-a-la-percee-du-rn\/#primaryimage"},"thumbnailUrl":"https:\/\/www.micro-vehicules.com\/blog\/wp-content\/uploads\/2026\/04\/Pantin-Seine-Saint-Denis-MICRO-TROTTOIR-LA-SEINE-SAINT-DENIS-REAGIT-A-LA-PERCEE-1024x576-1.jpg","articleSection":["Br\u00e8ves Sur Voitures Sans Permis:"],"inLanguage":"fr-FR"},{"@type":"WebPage","@id":"https:\/\/www.micro-vehicules.com\/blog\/pantin-seine-saint-denis-micro-trottoir-la-seine-saint-denis-reagit-a-la-percee-du-rn\/","url":"https:\/\/www.micro-vehicules.com\/blog\/pantin-seine-saint-denis-micro-trottoir-la-seine-saint-denis-reagit-a-la-percee-du-rn\/","name":"(Pantin Seine-Saint-Denis): [MICRO-TROTTOIR] : LA SEINE-SAINT-DENIS R\u00c9AGIT \u00c0 LA PERC\u00c9E DU RN - MICRO-VEHICULES","isPartOf":{"@id":"https:\/\/www.micro-vehicules.com\/blog\/#website"},"primaryImageOfPage":{"@id":"https:\/\/www.micro-vehicules.com\/blog\/pantin-seine-saint-denis-micro-trottoir-la-seine-saint-denis-reagit-a-la-percee-du-rn\/#primaryimage"},"image":{"@id":"https:\/\/www.micro-vehicules.com\/blog\/pantin-seine-saint-denis-micro-trottoir-la-seine-saint-denis-reagit-a-la-percee-du-rn\/#primaryimage"},"thumbnailUrl":"https:\/\/www.micro-vehicules.com\/blog\/wp-content\/uploads\/2026\/04\/Pantin-Seine-Saint-Denis-MICRO-TROTTOIR-LA-SEINE-SAINT-DENIS-REAGIT-A-LA-PERCEE-1024x576-1.jpg","datePublished":"2026-04-18T04:01:38+00:00","breadcrumb":{"@id":"https:\/\/www.micro-vehicules.com\/blog\/pantin-seine-saint-denis-micro-trottoir-la-seine-saint-denis-reagit-a-la-percee-du-rn\/#breadcrumb"},"inLanguage":"fr-FR","potentialAction":[{"@type":"ReadAction","target":["https:\/\/www.micro-vehicules.com\/blog\/pantin-seine-saint-denis-micro-trottoir-la-seine-saint-denis-reagit-a-la-percee-du-rn\/"]}]},{"@type":"ImageObject","inLanguage":"fr-FR","@id":"https:\/\/www.micro-vehicules.com\/blog\/pantin-seine-saint-denis-micro-trottoir-la-seine-saint-denis-reagit-a-la-percee-du-rn\/#primaryimage","url":"https:\/\/www.micro-vehicules.com\/blog\/wp-content\/uploads\/2026\/04\/Pantin-Seine-Saint-Denis-MICRO-TROTTOIR-LA-SEINE-SAINT-DENIS-REAGIT-A-LA-PERCEE-1024x576-1.jpg","contentUrl":"https:\/\/www.micro-vehicules.com\/blog\/wp-content\/uploads\/2026\/04\/Pantin-Seine-Saint-Denis-MICRO-TROTTOIR-LA-SEINE-SAINT-DENIS-REAGIT-A-LA-PERCEE-1024x576-1.jpg","width":1024,"height":576},{"@type":"BreadcrumbList","@id":"https:\/\/www.micro-vehicules.com\/blog\/pantin-seine-saint-denis-micro-trottoir-la-seine-saint-denis-reagit-a-la-percee-du-rn\/#breadcrumb","itemListElement":[{"@type":"ListItem","position":1,"name":"Accueil","item":"https:\/\/www.micro-vehicules.com\/blog\/"},{"@type":"ListItem","position":2,"name":"(Pantin Seine-Saint-Denis): [MICRO-TROTTOIR] : LA SEINE-SAINT-DENIS R\u00c9AGIT \u00c0 LA PERC\u00c9E DU RN"}]},{"@type":"WebSite","@id":"https:\/\/www.micro-vehicules.com\/blog\/#website","url":"https:\/\/www.micro-vehicules.com\/blog\/","name":"MICRO-VEHICULES","description":"Pour acheter une voiture sans permis.","publisher":{"@id":"https:\/\/www.micro-vehicules.com\/blog\/#organization"},"potentialAction":[{"@type":"SearchAction","target":{"@type":"EntryPoint","urlTemplate":"https:\/\/www.micro-vehicules.com\/blog\/?s={search_term_string}"},"query-input":{"@type":"PropertyValueSpecification","valueRequired":true,"valueName":"search_term_string"}}],"inLanguage":"fr-FR"},{"@type":"Organization","@id":"https:\/\/www.micro-vehicules.com\/blog\/#organization","name":"micro-vehicules","url":"https:\/\/www.micro-vehicules.com\/blog\/","logo":{"@type":"ImageObject","inLanguage":"fr-FR","@id":"https:\/\/www.micro-vehicules.com\/blog\/#\/schema\/logo\/image\/","url":"https:\/\/www.micro-vehicules.com\/blog\/wp-content\/uploads\/2023\/06\/logo-2.png","contentUrl":"https:\/\/www.micro-vehicules.com\/blog\/wp-content\/uploads\/2023\/06\/logo-2.png","width":340,"height":179,"caption":"micro-vehicules"},"image":{"@id":"https:\/\/www.micro-vehicules.com\/blog\/#\/schema\/logo\/image\/"}},{"@type":"Person","@id":"https:\/\/www.micro-vehicules.com\/blog\/#\/schema\/person\/fe2699af12675c9a6c81f5147411ac97","name":"Constant FOULE","image":{"@type":"ImageObject","inLanguage":"fr-FR","@id":"https:\/\/secure.gravatar.com\/avatar\/b89997095efd6ca2ab42b729fae544d241044664dbb4ec1b90634002c0516442?s=96&d=mm&r=g","url":"https:\/\/secure.gravatar.com\/avatar\/b89997095efd6ca2ab42b729fae544d241044664dbb4ec1b90634002c0516442?s=96&d=mm&r=g","contentUrl":"https:\/\/secure.gravatar.com\/avatar\/b89997095efd6ca2ab42b729fae544d241044664dbb4ec1b90634002c0516442?s=96&d=mm&r=g","caption":"Constant FOULE"},"url":"https:\/\/www.micro-vehicules.com\/blog\/author\/lesconstant\/"}]}},"_links":{"self":[{"href":"https:\/\/www.micro-vehicules.com\/blog\/wp-json\/wp\/v2\/posts\/1941","targetHints":{"allow":["GET"]}}],"collection":[{"href":"https:\/\/www.micro-vehicules.com\/blog\/wp-json\/wp\/v2\/posts"}],"about":[{"href":"https:\/\/www.micro-vehicules.com\/blog\/wp-json\/wp\/v2\/types\/post"}],"author":[{"embeddable":true,"href":"https:\/\/www.micro-vehicules.com\/blog\/wp-json\/wp\/v2\/users\/2"}],"replies":[{"embeddable":true,"href":"https:\/\/www.micro-vehicules.com\/blog\/wp-json\/wp\/v2\/comments?post=1941"}],"version-history":[{"count":0,"href":"https:\/\/www.micro-vehicules.com\/blog\/wp-json\/wp\/v2\/posts\/1941\/revisions"}],"wp:featuredmedia":[{"embeddable":true,"href":"https:\/\/www.micro-vehicules.com\/blog\/wp-json\/wp\/v2\/media\/1942"}],"wp:attachment":[{"href":"https:\/\/www.micro-vehicules.com\/blog\/wp-json\/wp\/v2\/media?parent=1941"}],"wp:term":[{"taxonomy":"category","embeddable":true,"href":"https:\/\/www.micro-vehicules.com\/blog\/wp-json\/wp\/v2\/categories?post=1941"},{"taxonomy":"post_tag","embeddable":true,"href":"https:\/\/www.micro-vehicules.com\/blog\/wp-json\/wp\/v2\/tags?post=1941"}],"curies":[{"name":"wp","href":"https:\/\/api.w.org\/{rel}","templated":true}]}}