{"id":1929,"date":"2026-04-14T06:04:30","date_gmt":"2026-04-14T04:04:30","guid":{"rendered":"https:\/\/www.micro-vehicules.com\/blog\/sans-permis-ni-assurance-a-flers-lhomme-evoque-le-vol-mais-ne-convainc-pas-la-justice\/"},"modified":"2026-04-14T06:04:30","modified_gmt":"2026-04-14T04:04:30","slug":"sans-permis-ni-assurance-a-flers-lhomme-evoque-le-vol-mais-ne-convainc-pas-la-justice","status":"publish","type":"post","link":"https:\/\/www.micro-vehicules.com\/blog\/sans-permis-ni-assurance-a-flers-lhomme-evoque-le-vol-mais-ne-convainc-pas-la-justice\/","title":{"rendered":"Sans permis ni assurance \u00e0 Flers : l&rsquo;homme \u00e9voque le vol, mais ne convainc pas la justice"},"content":{"rendered":"<div>Un homme a \u00e9t\u00e9 contr\u00f4l\u00e9 au volant d&rsquo;une voiture \u00e0 Flers (Orne), sans permis et sans assurance. Un permis annul\u00e9 depuis 2021. Il \u00e9t\u00e9 condamn\u00e9 par la justice.<\/div>\n<p><!-- no image --><a target=\"_blank\" rel=\"nofollow\" href=\"https:\/\/www.micro-vehicules.com\/blog\/goto\/https:\/\/actu.fr\/normandie\/flers_61169\/sans-permis-ni-assurance-a-flers-lhomme-evoque-le-vol-mais-ne-convainc-pas-la-justice_64134638.html\" >Aller \u00e0 la source<\/a><br \/>Le but de micro-vehicules.com est de rassembler en ligne des donn\u00e9es autour de Voitures sans permis puis les pr\u00e9senter en t\u00e2chant de r\u00e9pondre du mieux possible aux interrogations du public. Cette chronique est g\u00e9n\u00e9r\u00e9e du mieux possible. S\u2019il advenait que vous d\u00e9cidez de pr\u00e9senter des renseignements suppl\u00e9mentaires \u00e0 cet article sur le sujet \u00ab\u00a0Voitures sans permis\u00a0\u00bb il vous est possible d\u2019\u00e9crire aux contacts indiqu\u00e9s sur notre site web. Ce texte a \u00e9t\u00e9 tri\u00e9 par la plateforme micro-vehicules.com sur le web pour la raison qu\u2019il apparait dans les colonnes d&rsquo;un blog vou\u00e9 au th\u00e8me \u00ab\u00a0Voitures sans permis\u00a0\u00bb. D\u2019ici quelques heures, on publiera d&rsquo;autres annonces sur le sujet \u00ab\u00a0Voitures sans permis\u00a0\u00bb. Alors, consultez syst\u00e9matiquement notre blog.<\/p>\n","protected":false},"excerpt":{"rendered":"<p>Un homme a \u00e9t\u00e9 contr\u00f4l\u00e9 au volant d&rsquo;une voiture \u00e0 Flers (Orne), sans permis et sans assurance. Un permis annul\u00e9 depuis 2021. Il \u00e9t\u00e9 condamn\u00e9 par la justice. Aller \u00e0 la sourceLe but de micro-vehicules.com est de rassembler en ligne des donn\u00e9es autour de Voitures sans permis puis les pr\u00e9senter en t\u00e2chant de r\u00e9pondre du mieux possible aux interrogations du public. Cette chronique est g\u00e9n\u00e9r\u00e9e du mieux possible. S\u2019il advenait que vous d\u00e9cidez de pr\u00e9senter des renseignements suppl\u00e9mentaires \u00e0 cet article sur le sujet \u00ab\u00a0Voitures sans permis\u00a0\u00bb il vous est possible d\u2019\u00e9crire aux contacts indiqu\u00e9s sur notre site web. Ce\u2026<\/p>\n","protected":false},"author":2,"featured_media":0,"comment_status":"closed","ping_status":"closed","sticky":false,"template":"","format":"standard","meta":{"footnotes":""},"categories":[4],"tags":[],"class_list":["post-1929","post","type-post","status-publish","format-standard","hentry","category-breves-sur-voitures-sans-permis"],"blocksy_meta":"","yoast_head":"<!-- This site is optimized with the Yoast SEO plugin v27.5 - https:\/\/yoast.com\/product\/yoast-seo-wordpress\/ -->\n<title>Sans permis ni assurance \u00e0 Flers : l&#039;homme \u00e9voque le vol, mais ne convainc pas la justice - MICRO-VEHICULES<\/title>\n<meta name=\"robots\" content=\"index, follow, max-snippet:-1, max-image-preview:large, max-video-preview:-1\" \/>\n<link rel=\"canonical\" href=\"https:\/\/www.micro-vehicules.com\/blog\/sans-permis-ni-assurance-a-flers-lhomme-evoque-le-vol-mais-ne-convainc-pas-la-justice\/\" \/>\n<meta property=\"og:locale\" content=\"fr_FR\" \/>\n<meta property=\"og:type\" content=\"article\" \/>\n<meta property=\"og:title\" content=\"Sans permis ni assurance \u00e0 Flers : l&#039;homme \u00e9voque le vol, mais ne convainc pas la justice - MICRO-VEHICULES\" \/>\n<meta property=\"og:description\" content=\"Un homme a \u00e9t\u00e9 contr\u00f4l\u00e9 au volant d&rsquo;une voiture \u00e0 Flers (Orne), sans permis et sans assurance. Un permis annul\u00e9 depuis 2021. Il \u00e9t\u00e9 condamn\u00e9 par la justice. Aller \u00e0 la sourceLe but de micro-vehicules.com est de rassembler en ligne des donn\u00e9es autour de Voitures sans permis puis les pr\u00e9senter en t\u00e2chant de r\u00e9pondre du mieux possible aux interrogations du public. Cette chronique est g\u00e9n\u00e9r\u00e9e du mieux possible. S\u2019il advenait que vous d\u00e9cidez de pr\u00e9senter des renseignements suppl\u00e9mentaires \u00e0 cet article sur le sujet \u00ab\u00a0Voitures sans permis\u00a0\u00bb il vous est possible d\u2019\u00e9crire aux contacts indiqu\u00e9s sur notre site web. Ce\u2026\" \/>\n<meta property=\"og:url\" content=\"https:\/\/www.micro-vehicules.com\/blog\/sans-permis-ni-assurance-a-flers-lhomme-evoque-le-vol-mais-ne-convainc-pas-la-justice\/\" \/>\n<meta property=\"og:site_name\" content=\"MICRO-VEHICULES\" \/>\n<meta property=\"article:published_time\" content=\"2026-04-14T04:04:30+00:00\" \/>\n<meta name=\"author\" content=\"Constant FOULE\" \/>\n<meta name=\"twitter:card\" content=\"summary_large_image\" \/>\n<meta name=\"twitter:label1\" content=\"\u00c9crit par\" \/>\n\t<meta name=\"twitter:data1\" content=\"Constant FOULE\" \/>\n\t<meta name=\"twitter:label2\" content=\"Dur\u00e9e de lecture estim\u00e9e\" \/>\n\t<meta name=\"twitter:data2\" content=\"1 minute\" \/>\n<script type=\"application\/ld+json\" class=\"yoast-schema-graph\">{\"@context\":\"https:\\\/\\\/schema.org\",\"@graph\":[{\"@type\":\"Article\",\"@id\":\"https:\\\/\\\/www.micro-vehicules.com\\\/blog\\\/sans-permis-ni-assurance-a-flers-lhomme-evoque-le-vol-mais-ne-convainc-pas-la-justice\\\/#article\",\"isPartOf\":{\"@id\":\"https:\\\/\\\/www.micro-vehicules.com\\\/blog\\\/sans-permis-ni-assurance-a-flers-lhomme-evoque-le-vol-mais-ne-convainc-pas-la-justice\\\/\"},\"author\":{\"name\":\"Constant FOULE\",\"@id\":\"https:\\\/\\\/www.micro-vehicules.com\\\/blog\\\/#\\\/schema\\\/person\\\/fe2699af12675c9a6c81f5147411ac97\"},\"headline\":\"Sans permis ni assurance \u00e0 Flers : l&rsquo;homme \u00e9voque le vol, mais ne convainc pas la justice\",\"datePublished\":\"2026-04-14T04:04:30+00:00\",\"mainEntityOfPage\":{\"@id\":\"https:\\\/\\\/www.micro-vehicules.com\\\/blog\\\/sans-permis-ni-assurance-a-flers-lhomme-evoque-le-vol-mais-ne-convainc-pas-la-justice\\\/\"},\"wordCount\":177,\"publisher\":{\"@id\":\"https:\\\/\\\/www.micro-vehicules.com\\\/blog\\\/#organization\"},\"articleSection\":[\"Br\u00e8ves Sur Voitures Sans Permis:\"],\"inLanguage\":\"fr-FR\"},{\"@type\":\"WebPage\",\"@id\":\"https:\\\/\\\/www.micro-vehicules.com\\\/blog\\\/sans-permis-ni-assurance-a-flers-lhomme-evoque-le-vol-mais-ne-convainc-pas-la-justice\\\/\",\"url\":\"https:\\\/\\\/www.micro-vehicules.com\\\/blog\\\/sans-permis-ni-assurance-a-flers-lhomme-evoque-le-vol-mais-ne-convainc-pas-la-justice\\\/\",\"name\":\"Sans permis ni assurance \u00e0 Flers : l'homme \u00e9voque le vol, mais ne convainc pas la justice - MICRO-VEHICULES\",\"isPartOf\":{\"@id\":\"https:\\\/\\\/www.micro-vehicules.com\\\/blog\\\/#website\"},\"datePublished\":\"2026-04-14T04:04:30+00:00\",\"breadcrumb\":{\"@id\":\"https:\\\/\\\/www.micro-vehicules.com\\\/blog\\\/sans-permis-ni-assurance-a-flers-lhomme-evoque-le-vol-mais-ne-convainc-pas-la-justice\\\/#breadcrumb\"},\"inLanguage\":\"fr-FR\",\"potentialAction\":[{\"@type\":\"ReadAction\",\"target\":[\"https:\\\/\\\/www.micro-vehicules.com\\\/blog\\\/sans-permis-ni-assurance-a-flers-lhomme-evoque-le-vol-mais-ne-convainc-pas-la-justice\\\/\"]}]},{\"@type\":\"BreadcrumbList\",\"@id\":\"https:\\\/\\\/www.micro-vehicules.com\\\/blog\\\/sans-permis-ni-assurance-a-flers-lhomme-evoque-le-vol-mais-ne-convainc-pas-la-justice\\\/#breadcrumb\",\"itemListElement\":[{\"@type\":\"ListItem\",\"position\":1,\"name\":\"Accueil\",\"item\":\"https:\\\/\\\/www.micro-vehicules.com\\\/blog\\\/\"},{\"@type\":\"ListItem\",\"position\":2,\"name\":\"Sans permis ni assurance \u00e0 Flers : l&rsquo;homme \u00e9voque le vol, mais ne convainc pas la justice\"}]},{\"@type\":\"WebSite\",\"@id\":\"https:\\\/\\\/www.micro-vehicules.com\\\/blog\\\/#website\",\"url\":\"https:\\\/\\\/www.micro-vehicules.com\\\/blog\\\/\",\"name\":\"MICRO-VEHICULES\",\"description\":\"Pour acheter une voiture sans permis.\",\"publisher\":{\"@id\":\"https:\\\/\\\/www.micro-vehicules.com\\\/blog\\\/#organization\"},\"potentialAction\":[{\"@type\":\"SearchAction\",\"target\":{\"@type\":\"EntryPoint\",\"urlTemplate\":\"https:\\\/\\\/www.micro-vehicules.com\\\/blog\\\/?s={search_term_string}\"},\"query-input\":{\"@type\":\"PropertyValueSpecification\",\"valueRequired\":true,\"valueName\":\"search_term_string\"}}],\"inLanguage\":\"fr-FR\"},{\"@type\":\"Organization\",\"@id\":\"https:\\\/\\\/www.micro-vehicules.com\\\/blog\\\/#organization\",\"name\":\"micro-vehicules\",\"url\":\"https:\\\/\\\/www.micro-vehicules.com\\\/blog\\\/\",\"logo\":{\"@type\":\"ImageObject\",\"inLanguage\":\"fr-FR\",\"@id\":\"https:\\\/\\\/www.micro-vehicules.com\\\/blog\\\/#\\\/schema\\\/logo\\\/image\\\/\",\"url\":\"https:\\\/\\\/www.micro-vehicules.com\\\/blog\\\/wp-content\\\/uploads\\\/2023\\\/06\\\/logo-2.png\",\"contentUrl\":\"https:\\\/\\\/www.micro-vehicules.com\\\/blog\\\/wp-content\\\/uploads\\\/2023\\\/06\\\/logo-2.png\",\"width\":340,\"height\":179,\"caption\":\"micro-vehicules\"},\"image\":{\"@id\":\"https:\\\/\\\/www.micro-vehicules.com\\\/blog\\\/#\\\/schema\\\/logo\\\/image\\\/\"}},{\"@type\":\"Person\",\"@id\":\"https:\\\/\\\/www.micro-vehicules.com\\\/blog\\\/#\\\/schema\\\/person\\\/fe2699af12675c9a6c81f5147411ac97\",\"name\":\"Constant FOULE\",\"image\":{\"@type\":\"ImageObject\",\"inLanguage\":\"fr-FR\",\"@id\":\"https:\\\/\\\/secure.gravatar.com\\\/avatar\\\/b89997095efd6ca2ab42b729fae544d241044664dbb4ec1b90634002c0516442?s=96&d=mm&r=g\",\"url\":\"https:\\\/\\\/secure.gravatar.com\\\/avatar\\\/b89997095efd6ca2ab42b729fae544d241044664dbb4ec1b90634002c0516442?s=96&d=mm&r=g\",\"contentUrl\":\"https:\\\/\\\/secure.gravatar.com\\\/avatar\\\/b89997095efd6ca2ab42b729fae544d241044664dbb4ec1b90634002c0516442?s=96&d=mm&r=g\",\"caption\":\"Constant FOULE\"},\"url\":\"https:\\\/\\\/www.micro-vehicules.com\\\/blog\\\/author\\\/lesconstant\\\/\"}]}<\/script>\n<!-- \/ Yoast SEO plugin. -->","yoast_head_json":{"title":"Sans permis ni assurance \u00e0 Flers : l'homme \u00e9voque le vol, mais ne convainc pas la justice - MICRO-VEHICULES","robots":{"index":"index","follow":"follow","max-snippet":"max-snippet:-1","max-image-preview":"max-image-preview:large","max-video-preview":"max-video-preview:-1"},"canonical":"https:\/\/www.micro-vehicules.com\/blog\/sans-permis-ni-assurance-a-flers-lhomme-evoque-le-vol-mais-ne-convainc-pas-la-justice\/","og_locale":"fr_FR","og_type":"article","og_title":"Sans permis ni assurance \u00e0 Flers : l'homme \u00e9voque le vol, mais ne convainc pas la justice - MICRO-VEHICULES","og_description":"Un homme a \u00e9t\u00e9 contr\u00f4l\u00e9 au volant d&rsquo;une voiture \u00e0 Flers (Orne), sans permis et sans assurance. Un permis annul\u00e9 depuis 2021. Il \u00e9t\u00e9 condamn\u00e9 par la justice. Aller \u00e0 la sourceLe but de micro-vehicules.com est de rassembler en ligne des donn\u00e9es autour de Voitures sans permis puis les pr\u00e9senter en t\u00e2chant de r\u00e9pondre du mieux possible aux interrogations du public. Cette chronique est g\u00e9n\u00e9r\u00e9e du mieux possible. S\u2019il advenait que vous d\u00e9cidez de pr\u00e9senter des renseignements suppl\u00e9mentaires \u00e0 cet article sur le sujet \u00ab\u00a0Voitures sans permis\u00a0\u00bb il vous est possible d\u2019\u00e9crire aux contacts indiqu\u00e9s sur notre site web. Ce\u2026","og_url":"https:\/\/www.micro-vehicules.com\/blog\/sans-permis-ni-assurance-a-flers-lhomme-evoque-le-vol-mais-ne-convainc-pas-la-justice\/","og_site_name":"MICRO-VEHICULES","article_published_time":"2026-04-14T04:04:30+00:00","author":"Constant FOULE","twitter_card":"summary_large_image","twitter_misc":{"\u00c9crit par":"Constant FOULE","Dur\u00e9e de lecture estim\u00e9e":"1 minute"},"schema":{"@context":"https:\/\/schema.org","@graph":[{"@type":"Article","@id":"https:\/\/www.micro-vehicules.com\/blog\/sans-permis-ni-assurance-a-flers-lhomme-evoque-le-vol-mais-ne-convainc-pas-la-justice\/#article","isPartOf":{"@id":"https:\/\/www.micro-vehicules.com\/blog\/sans-permis-ni-assurance-a-flers-lhomme-evoque-le-vol-mais-ne-convainc-pas-la-justice\/"},"author":{"name":"Constant FOULE","@id":"https:\/\/www.micro-vehicules.com\/blog\/#\/schema\/person\/fe2699af12675c9a6c81f5147411ac97"},"headline":"Sans permis ni assurance \u00e0 Flers : l&rsquo;homme \u00e9voque le vol, mais ne convainc pas la justice","datePublished":"2026-04-14T04:04:30+00:00","mainEntityOfPage":{"@id":"https:\/\/www.micro-vehicules.com\/blog\/sans-permis-ni-assurance-a-flers-lhomme-evoque-le-vol-mais-ne-convainc-pas-la-justice\/"},"wordCount":177,"publisher":{"@id":"https:\/\/www.micro-vehicules.com\/blog\/#organization"},"articleSection":["Br\u00e8ves Sur Voitures Sans Permis:"],"inLanguage":"fr-FR"},{"@type":"WebPage","@id":"https:\/\/www.micro-vehicules.com\/blog\/sans-permis-ni-assurance-a-flers-lhomme-evoque-le-vol-mais-ne-convainc-pas-la-justice\/","url":"https:\/\/www.micro-vehicules.com\/blog\/sans-permis-ni-assurance-a-flers-lhomme-evoque-le-vol-mais-ne-convainc-pas-la-justice\/","name":"Sans permis ni assurance \u00e0 Flers : l'homme \u00e9voque le vol, mais ne convainc pas la justice - MICRO-VEHICULES","isPartOf":{"@id":"https:\/\/www.micro-vehicules.com\/blog\/#website"},"datePublished":"2026-04-14T04:04:30+00:00","breadcrumb":{"@id":"https:\/\/www.micro-vehicules.com\/blog\/sans-permis-ni-assurance-a-flers-lhomme-evoque-le-vol-mais-ne-convainc-pas-la-justice\/#breadcrumb"},"inLanguage":"fr-FR","potentialAction":[{"@type":"ReadAction","target":["https:\/\/www.micro-vehicules.com\/blog\/sans-permis-ni-assurance-a-flers-lhomme-evoque-le-vol-mais-ne-convainc-pas-la-justice\/"]}]},{"@type":"BreadcrumbList","@id":"https:\/\/www.micro-vehicules.com\/blog\/sans-permis-ni-assurance-a-flers-lhomme-evoque-le-vol-mais-ne-convainc-pas-la-justice\/#breadcrumb","itemListElement":[{"@type":"ListItem","position":1,"name":"Accueil","item":"https:\/\/www.micro-vehicules.com\/blog\/"},{"@type":"ListItem","position":2,"name":"Sans permis ni assurance \u00e0 Flers : l&rsquo;homme \u00e9voque le vol, mais ne convainc pas la justice"}]},{"@type":"WebSite","@id":"https:\/\/www.micro-vehicules.com\/blog\/#website","url":"https:\/\/www.micro-vehicules.com\/blog\/","name":"MICRO-VEHICULES","description":"Pour acheter une voiture sans permis.","publisher":{"@id":"https:\/\/www.micro-vehicules.com\/blog\/#organization"},"potentialAction":[{"@type":"SearchAction","target":{"@type":"EntryPoint","urlTemplate":"https:\/\/www.micro-vehicules.com\/blog\/?s={search_term_string}"},"query-input":{"@type":"PropertyValueSpecification","valueRequired":true,"valueName":"search_term_string"}}],"inLanguage":"fr-FR"},{"@type":"Organization","@id":"https:\/\/www.micro-vehicules.com\/blog\/#organization","name":"micro-vehicules","url":"https:\/\/www.micro-vehicules.com\/blog\/","logo":{"@type":"ImageObject","inLanguage":"fr-FR","@id":"https:\/\/www.micro-vehicules.com\/blog\/#\/schema\/logo\/image\/","url":"https:\/\/www.micro-vehicules.com\/blog\/wp-content\/uploads\/2023\/06\/logo-2.png","contentUrl":"https:\/\/www.micro-vehicules.com\/blog\/wp-content\/uploads\/2023\/06\/logo-2.png","width":340,"height":179,"caption":"micro-vehicules"},"image":{"@id":"https:\/\/www.micro-vehicules.com\/blog\/#\/schema\/logo\/image\/"}},{"@type":"Person","@id":"https:\/\/www.micro-vehicules.com\/blog\/#\/schema\/person\/fe2699af12675c9a6c81f5147411ac97","name":"Constant FOULE","image":{"@type":"ImageObject","inLanguage":"fr-FR","@id":"https:\/\/secure.gravatar.com\/avatar\/b89997095efd6ca2ab42b729fae544d241044664dbb4ec1b90634002c0516442?s=96&d=mm&r=g","url":"https:\/\/secure.gravatar.com\/avatar\/b89997095efd6ca2ab42b729fae544d241044664dbb4ec1b90634002c0516442?s=96&d=mm&r=g","contentUrl":"https:\/\/secure.gravatar.com\/avatar\/b89997095efd6ca2ab42b729fae544d241044664dbb4ec1b90634002c0516442?s=96&d=mm&r=g","caption":"Constant FOULE"},"url":"https:\/\/www.micro-vehicules.com\/blog\/author\/lesconstant\/"}]}},"_links":{"self":[{"href":"https:\/\/www.micro-vehicules.com\/blog\/wp-json\/wp\/v2\/posts\/1929","targetHints":{"allow":["GET"]}}],"collection":[{"href":"https:\/\/www.micro-vehicules.com\/blog\/wp-json\/wp\/v2\/posts"}],"about":[{"href":"https:\/\/www.micro-vehicules.com\/blog\/wp-json\/wp\/v2\/types\/post"}],"author":[{"embeddable":true,"href":"https:\/\/www.micro-vehicules.com\/blog\/wp-json\/wp\/v2\/users\/2"}],"replies":[{"embeddable":true,"href":"https:\/\/www.micro-vehicules.com\/blog\/wp-json\/wp\/v2\/comments?post=1929"}],"version-history":[{"count":0,"href":"https:\/\/www.micro-vehicules.com\/blog\/wp-json\/wp\/v2\/posts\/1929\/revisions"}],"wp:attachment":[{"href":"https:\/\/www.micro-vehicules.com\/blog\/wp-json\/wp\/v2\/media?parent=1929"}],"wp:term":[{"taxonomy":"category","embeddable":true,"href":"https:\/\/www.micro-vehicules.com\/blog\/wp-json\/wp\/v2\/categories?post=1929"},{"taxonomy":"post_tag","embeddable":true,"href":"https:\/\/www.micro-vehicules.com\/blog\/wp-json\/wp\/v2\/tags?post=1929"}],"curies":[{"name":"wp","href":"https:\/\/api.w.org\/{rel}","templated":true}]}}