{"id":1917,"date":"2026-04-03T18:12:26","date_gmt":"2026-04-03T16:12:26","guid":{"rendered":"https:\/\/www.micro-vehicules.com\/blog\/sevran-itineraire-legislatives-les-candidats-du-poi-sur-clichy-et-levallois\/"},"modified":"2026-04-03T18:12:26","modified_gmt":"2026-04-03T16:12:26","slug":"sevran-itineraire-legislatives-les-candidats-du-poi-sur-clichy-et-levallois","status":"publish","type":"post","link":"https:\/\/www.micro-vehicules.com\/blog\/sevran-itineraire-legislatives-les-candidats-du-poi-sur-clichy-et-levallois\/","title":{"rendered":"(sevran itin\u00e9raire): L\u00e9gislatives : les candidats du POI sur Clichy et Levallois"},"content":{"rendered":"<div><img loading=\"lazy\" width=\"750\" height=\"422\" src=\"https:\/\/www.micro-vehicules.com\/blog\/wp-content\/uploads\/2026\/04\/sevran-itineraire-Legislatives-les-candidats-du-POI-sur-Clichy-1024x576-1.jpg\" class=\"attachment-large size-large wp-post-image\" alt=\"L\u00e9gislatives : les candidats du POI sur Clichy et Levallois\" style=\"width:100%;height:56.25%;max-width:1280px;float:left; margin:0 15px 15px 0;\" decoding=\"async\" srcset=\"https:\/\/www.micro-vehicules.com\/blog\/wp-content\/uploads\/2026\/04\/sevran-itineraire-Legislatives-les-candidats-du-POI-sur-Clichy-1024x576-1.jpg 1024w, https:\/\/www.site.cdcl.xyz\/wp-content\/uploads\/2026\/04\/sevran-itineraire-Legislatives-les-candidats-du-POI-sur-Clichy-300x169.jpg 300w, https:\/\/www.site.cdcl.xyz\/wp-content\/uploads\/2026\/04\/sevran-itineraire-Legislatives-les-candidats-du-POI-sur-Clichy-768x432.jpg 768w, https:\/\/www.site.cdcl.xyz\/wp-content\/uploads\/2026\/04\/sevran-itineraire-Legislatives-les-candidats-du-POI-sur-Clichy.jpg 1280w\" sizes=\"auto, (max-width: 750px) 100vw, 750px\"><\/p>\n<h1>\nCe film mettant en avant \u00absevran itin\u00e9raire\u00bb est disponible en streaming sur Youtube.<br \/>\n<\/h1>\n<h2>\nUn regard unique de StudioWEBduPOI sur \u00ab\u00a0sevran itin\u00e9raire\u00a0\u00bb.<br \/>\n<\/h2>\n<p>Cette vid\u00e9o, mise en ligne par StudioWEBduPOI, est disponible sur youtube.<br \/>\ntraitant de \u00ab\u00a0sevran itin\u00e9raire\u00a0\u00bb:<br \/>\n<iframe loading=\"lazy\" title=\"L\u00e9gislatives : les candidats du POI sur Clichy et Levallois\" width=\"580\" height=\"385\" src=\"https:\/\/www.youtube.com\/embed\/LlR7ZW0uQj8?hl=fr&amp;modestbranding=1\" frameborder=\"0\" allowfullscreen><\/iframe><\/p>\n<p>\nLa dur\u00e9e (00:03:55s), le titre (L\u00e9gislatives : les candidats du POI sur Clichy et Levallois) et les informations de l\u2019auteur sont des d\u00e9tails importants \u00e0 consid\u00e9rer, tout comme la description :\u00ab<i>  Jean-Michel Sauge et Anne-Marie Gardent pr\u00e9sentent leur candidature   <\/i> \u00bb.\n<\/p>\n<\/p>\n<h2>SEVRAN : Crise d\u2019Exemplarit\u00e9 et Gestion Financi\u00e8re D\u00e9faillante<\/h2>\n<p>Une r\u00e9cente \u00e9tude des finances de Sevran r\u00e9v\u00e8le une situation pr\u00e9occupante qui s\u2019est d\u00e9t\u00e9rior\u00e9e entre 2020 et 2025.<\/p>\n<p>Pour acc\u00e9der \u00e0 l\u2019audit, <a target=\"_blank\" rel=\"nofollow\" href=\"https:\/\/www.micro-vehicules.com\/blog\/goto\/https:\/\/www.bilan-de-mandat.fr\/ile-de-france\/mairie\/seine-saint-denis_sevran\/\"  rel=\"noopener noreferrer\" target=\"blank\">toutes les informations financi\u00e8res sont pr\u00e9sent\u00e9es sur la page du bilan de mandat<\/a>.<\/p>\n<p>Malgr\u00e9 des atouts ind\u00e9niables, Sevran a sombr\u00e9 dans une gestion imprudente tant sur le plan financier que dans la gestion publique<\/p>\n<p>La conjoncture joue un r\u00f4le dans cette situation, mais il est ind\u00e9niable que les deux tiers des enjeux sont le r\u00e9sultat des d\u00e9cisions politiques de la municipalit\u00e9 dirig\u00e9e par ST\u00c9PHANE GATIGNON.<\/p>\n<p>Le site ind\u00e9pendant Bilan de Mandat a men\u00e9 cette enqu\u00eate en compilant les chiffres budg\u00e9taires fournis en ligne par le minist\u00e8re des Finances, en se basant sur les 7 ann\u00e9es pr\u00e9c\u00e9dentes<\/p>\n<h3>Endettement et types de dettes<\/h3>\n<p>Sevran subit un endettement qui a pris des proportions alarmantes. Cela engendre des cons\u00e9quences majeures :<\/p>\n<\/p>\n<ul>\n<li>Accroissement des co\u00fbts d\u2019int\u00e9r\u00eat : L\u2019\u00e9l\u00e9vation de la dette entra\u00eene des co\u00fbts d\u2019int\u00e9r\u00eat plus \u00e9lev\u00e9s, restreignant les fonds disponibles pour d\u2019autres investissements.\n<\/li>\n<li>Diminution des fonds disponibles pour l\u2019investissement : Un niveau d\u2019endettement trop important restreint les ressources de la ville pour financer des projets d\u2019infrastructure et des services publics essentiels.\n<\/li>\n<li>Menace de d\u00e9faut sur les engagements financiers : Une dette mal g\u00e9r\u00e9e accro\u00eet le risque de non-paiement, ce qui va entra\u00eener des cons\u00e9quences financi\u00e8res ou des restrictions impos\u00e9es par les cr\u00e9anciers.\n<\/li>\n<li>D\u00e9clin de la confiance des investisseurs : Une situation financi\u00e8re vuln\u00e9rable va d\u00e9courager les investisseurs, ralentissant le d\u00e9veloppement \u00e9conomique de la commune.\n<\/li>\n<li>Influence sur la notation financi\u00e8re: Une dette mal ma\u00eetris\u00e9e accro\u00eet le risque de d\u00e9faut, ce qui va entra\u00eener des sanctions financi\u00e8res ou des limitations impos\u00e9es par les pr\u00eateurs.<\/li>\n<\/ul>\n<h3>Foire aux questions de Sevran<\/h3>\n<h4>Comment peut-on contribuer aux activit\u00e9s des associations ?<\/h4>\n<p>Dans chaque commune, on peut remarquer que le nombre d\u2019associations et l\u2019agenda de leurs activit\u00e9s (th\u00e9\u00e2tre, festival\u2026) sont marquants et ind\u00e9pendants des d\u00e9cisions de la mairie. Les associations, comme partout en France, proposent divers \u00e9v\u00e9nements tout au long de l\u2019ann\u00e9e. Pour ceux qui veulent participer, il est ais\u00e9 de s\u2019inscrire \u00e0 ces activit\u00e9s en ligne, o\u00f9 un simple clic suffit pour consulter l\u2019agenda des \u00e9v\u00e9nements ou obtenir les coordonn\u00e9es des responsables. Rejoignez-nous d\u2019un simple clic.<\/p>\n<\/p>\n<h4>Quelle est l\u2019analyse principale issue de l\u2019audit financier de Sevran ?<\/h4>\n<p>L\u2019enqu\u00eate met en exergue une d\u00e9gradation inqui\u00e9tante des finances publiques et de la gestion de Sevran, soulignant une gestion imprudente sur les plans financier et public.<\/p>\n<h4>Quels facteurs ont \u00e9t\u00e9 d\u00e9terminants dans cette crise financi\u00e8re ?<\/h4>\n<p>Bien que la conjoncture \u00e9conomique soit \u00e0 consid\u00e9rer, deux tiers des difficult\u00e9s rencontr\u00e9es proviennent des choix politiques de la municipalit\u00e9 dirig\u00e9e par ST\u00c9PHANE GATIGNON.<\/p>\n<h4>Quels sont les dispositifs d\u2019information dans Sevran ?<\/h4>\n<p>Principalement, les informations en ligne. Les citoyens peuvent consulter les actualit\u00e9s et le journal municipal de leur ville ainsi que des villes proches. Sur le site de la mairie, les nouveaux habitants peuvent consulter la page de bienvenue, les num\u00e9ros utiles pour diff\u00e9rentes d\u00e9marches, l\u2019annuaire des petites et moyennes entreprises, les journ\u00e9es et activit\u00e9s gratuites, les informations concernant la rentr\u00e9e scolaire, les menus des cantines, l\u2019espace de confidentialit\u00e9 pour les comptes familiaux et les d\u00e9marches administratives, en particulier celles du secteur scolaire. Sur d\u2019autres sites web, qui ne sont pas sous la responsabilit\u00e9 de la mairie, les citoyens peuvent consulter des informations sur les \u00e9v\u00e9nements culturels (spectacles, th\u00e9\u00e2tre, festivals) qui contribuent \u00e0 l\u2019animation de la vie locale et favorisent l\u2019acc\u00e8s \u00e0 la culture.<\/p>\n<h4>Quelle est la condition des associations locales dans Sevran ?<\/h4>\n<p>Les organisations culturelles locales effectuent un travail remarquable. Pour acc\u00e9der aux informations d\u2019une association, vous pouvez consulter l\u2019annuaire en ligne sur le site de la mairie de Sevran<\/p>\n<h4>Quelles sont les initiatives culturelles et historiques ?<\/h4>\n<p>Le pass\u00e9 d\u2019une ville est le miroir de sa culture. La construction de la mairie ou de l\u2019h\u00f4tel de ville, les anciennes images de l\u2019\u00e9cole, et le savoir-faire des m\u00e9tiers d\u2019autrefois permettent une exploration gratuite, ainsi qu\u2019une transmission et une conservation de ce patrimoine communal. Sur l\u2019ensemble du territoire fran\u00e7ais, la politique de sensibilisation garantit que le patrimoine de la ville demeure dynamique et accessible pour les g\u00e9n\u00e9rations \u00e0 venir.<\/p>\n<h4>Qui est le maire en charge de Sevran ?<\/h4>\n<p>ST\u00c9PHANE GATIGNON<\/p>\n<p> Visionnez la vid\u00e9o sur youtube en utilisant ce lien :<br \/>\n<u> la source:<\/u> <a target=\"_blank\" rel=\"nofollow\" href=\"https:\/\/www.micro-vehicules.com\/blog\/goto\/https:\/\/www.youtube.com\/watch?v=LlR7ZW0uQj8\" >Cliquer ici<\/a>\n<\/p>\n<p>\n#L\u00e9gislatives #les #candidats #POI #sur #Clichy #Levallois\n<\/p>\n<p>\n<u>Retranscription des paroles de la vid\u00e9o:<\/u> Non disponible.<br \/>\n.\n<\/p>\n<p>\n<img decoding=\"async\" src=\"https:\/\/www.micro-vehicules.com\/blog\/wp-content\/uploads\/2026\/04\/hqdefault-1.jpg\" alt=\"Image youtube\">\n<\/p>\n<p>\n<u>D\u00e9roulement de la vid\u00e9o:<\/u>\n<\/p>\n<p>\nIndisponible.<br \/>\n.<\/p>\n<\/div>\n<p><img decoding=\"async\" class=\"wpe_imgrss\" src=\"https:\/\/www.micro-vehicules.com\/blog\/wp-content\/uploads\/2026\/04\/sevran-itineraire-Legislatives-les-candidats-du-POI-sur-Clichy-1024x576-1.jpg\">Pour vous, cet article autour du th\u00e8me \u00ab\u00a0Voitures sans permis\u00a0\u00bb vous est propos\u00e9 par micro-vehicules.com. La chronique est produite du mieux possible. Il est possible d\u2019\u00e9crire en utilisant les coordonn\u00e9es indiqu\u00e9es sur notre site web afin d&rsquo;apporter des d\u00e9tails sur ce contenu qui parle du th\u00e8me \u00ab\u00a0Voitures sans permis\u00a0\u00bb. La mission de micro-vehicules.com \u00e9tant de rassembler sur le web des infos sur le th\u00e8me de Voitures sans permis et ensuite les pr\u00e9senter en t\u00e2chant de r\u00e9pondre du mieux possible aux interrogations des personnes. En consultant de mani\u00e8re r\u00e9guli\u00e8re nos pages de blog vous serez inform\u00e9 des prochaines parutions.<\/p>\n","protected":false},"excerpt":{"rendered":"<p>Ce film mettant en avant \u00absevran itin\u00e9raire\u00bb est disponible en streaming sur Youtube. Un regard unique de StudioWEBduPOI sur \u00ab\u00a0sevran itin\u00e9raire\u00a0\u00bb. Cette vid\u00e9o, mise en ligne par StudioWEBduPOI, est disponible sur youtube. traitant de \u00ab\u00a0sevran itin\u00e9raire\u00a0\u00bb: La dur\u00e9e (00:03:55s), le titre (L\u00e9gislatives : les candidats du POI sur Clichy et Levallois) et les informations de l\u2019auteur sont des d\u00e9tails importants \u00e0 consid\u00e9rer, tout comme la description :\u00ab Jean-Michel Sauge et Anne-Marie Gardent pr\u00e9sentent leur candidature \u00bb. SEVRAN : Crise d\u2019Exemplarit\u00e9 et Gestion Financi\u00e8re D\u00e9faillante Une r\u00e9cente \u00e9tude des finances de Sevran r\u00e9v\u00e8le une situation pr\u00e9occupante qui s\u2019est d\u00e9t\u00e9rior\u00e9e entre 2020\u2026<\/p>\n","protected":false},"author":2,"featured_media":1918,"comment_status":"closed","ping_status":"closed","sticky":false,"template":"","format":"standard","meta":{"footnotes":""},"categories":[4],"tags":[],"class_list":["post-1917","post","type-post","status-publish","format-standard","has-post-thumbnail","hentry","category-breves-sur-voitures-sans-permis"],"blocksy_meta":"","yoast_head":"<!-- This site is optimized with the Yoast SEO plugin v27.5 - https:\/\/yoast.com\/product\/yoast-seo-wordpress\/ -->\n<title>(sevran itin\u00e9raire): L\u00e9gislatives : les candidats du POI sur Clichy et Levallois - MICRO-VEHICULES<\/title>\n<meta name=\"robots\" content=\"index, follow, max-snippet:-1, max-image-preview:large, max-video-preview:-1\" \/>\n<link rel=\"canonical\" href=\"https:\/\/www.micro-vehicules.com\/blog\/sevran-itineraire-legislatives-les-candidats-du-poi-sur-clichy-et-levallois\/\" \/>\n<meta property=\"og:locale\" content=\"fr_FR\" \/>\n<meta property=\"og:type\" content=\"article\" \/>\n<meta property=\"og:title\" content=\"(sevran itin\u00e9raire): L\u00e9gislatives : les candidats du POI sur Clichy et Levallois - MICRO-VEHICULES\" \/>\n<meta property=\"og:description\" content=\"Ce film mettant en avant \u00absevran itin\u00e9raire\u00bb est disponible en streaming sur Youtube. Un regard unique de StudioWEBduPOI sur \u00ab\u00a0sevran itin\u00e9raire\u00a0\u00bb. Cette vid\u00e9o, mise en ligne par StudioWEBduPOI, est disponible sur youtube. traitant de \u00ab\u00a0sevran itin\u00e9raire\u00a0\u00bb: La dur\u00e9e (00:03:55s), le titre (L\u00e9gislatives : les candidats du POI sur Clichy et Levallois) et les informations de l\u2019auteur sont des d\u00e9tails importants \u00e0 consid\u00e9rer, tout comme la description :\u00ab Jean-Michel Sauge et Anne-Marie Gardent pr\u00e9sentent leur candidature \u00bb. SEVRAN : Crise d\u2019Exemplarit\u00e9 et Gestion Financi\u00e8re D\u00e9faillante Une r\u00e9cente \u00e9tude des finances de Sevran r\u00e9v\u00e8le une situation pr\u00e9occupante qui s\u2019est d\u00e9t\u00e9rior\u00e9e entre 2020\u2026\" \/>\n<meta property=\"og:url\" content=\"https:\/\/www.micro-vehicules.com\/blog\/sevran-itineraire-legislatives-les-candidats-du-poi-sur-clichy-et-levallois\/\" \/>\n<meta property=\"og:site_name\" content=\"MICRO-VEHICULES\" \/>\n<meta property=\"article:published_time\" content=\"2026-04-03T16:12:26+00:00\" \/>\n<meta property=\"og:image\" content=\"https:\/\/www.micro-vehicules.com\/blog\/wp-content\/uploads\/2026\/04\/sevran-itineraire-Legislatives-les-candidats-du-POI-sur-Clichy-1024x576-1.jpg\" \/>\n<meta name=\"author\" content=\"Constant FOULE\" \/>\n<meta name=\"twitter:card\" content=\"summary_large_image\" \/>\n<meta name=\"twitter:label1\" content=\"\u00c9crit par\" \/>\n\t<meta name=\"twitter:data1\" content=\"Constant FOULE\" \/>\n\t<meta name=\"twitter:label2\" content=\"Dur\u00e9e de lecture estim\u00e9e\" \/>\n\t<meta name=\"twitter:data2\" content=\"5 minutes\" \/>\n<script type=\"application\/ld+json\" class=\"yoast-schema-graph\">{\"@context\":\"https:\\\/\\\/schema.org\",\"@graph\":[{\"@type\":\"Article\",\"@id\":\"https:\\\/\\\/www.micro-vehicules.com\\\/blog\\\/sevran-itineraire-legislatives-les-candidats-du-poi-sur-clichy-et-levallois\\\/#article\",\"isPartOf\":{\"@id\":\"https:\\\/\\\/www.micro-vehicules.com\\\/blog\\\/sevran-itineraire-legislatives-les-candidats-du-poi-sur-clichy-et-levallois\\\/\"},\"author\":{\"name\":\"Constant FOULE\",\"@id\":\"https:\\\/\\\/www.micro-vehicules.com\\\/blog\\\/#\\\/schema\\\/person\\\/fe2699af12675c9a6c81f5147411ac97\"},\"headline\":\"(sevran itin\u00e9raire): L\u00e9gislatives : les candidats du POI sur Clichy et Levallois\",\"datePublished\":\"2026-04-03T16:12:26+00:00\",\"mainEntityOfPage\":{\"@id\":\"https:\\\/\\\/www.micro-vehicules.com\\\/blog\\\/sevran-itineraire-legislatives-les-candidats-du-poi-sur-clichy-et-levallois\\\/\"},\"wordCount\":1050,\"publisher\":{\"@id\":\"https:\\\/\\\/www.micro-vehicules.com\\\/blog\\\/#organization\"},\"image\":{\"@id\":\"https:\\\/\\\/www.micro-vehicules.com\\\/blog\\\/sevran-itineraire-legislatives-les-candidats-du-poi-sur-clichy-et-levallois\\\/#primaryimage\"},\"thumbnailUrl\":\"https:\\\/\\\/www.micro-vehicules.com\\\/blog\\\/wp-content\\\/uploads\\\/2026\\\/04\\\/sevran-itineraire-Legislatives-les-candidats-du-POI-sur-Clichy-1024x576-1.jpg\",\"articleSection\":[\"Br\u00e8ves Sur Voitures Sans Permis:\"],\"inLanguage\":\"fr-FR\"},{\"@type\":\"WebPage\",\"@id\":\"https:\\\/\\\/www.micro-vehicules.com\\\/blog\\\/sevran-itineraire-legislatives-les-candidats-du-poi-sur-clichy-et-levallois\\\/\",\"url\":\"https:\\\/\\\/www.micro-vehicules.com\\\/blog\\\/sevran-itineraire-legislatives-les-candidats-du-poi-sur-clichy-et-levallois\\\/\",\"name\":\"(sevran itin\u00e9raire): L\u00e9gislatives : les candidats du POI sur Clichy et Levallois - MICRO-VEHICULES\",\"isPartOf\":{\"@id\":\"https:\\\/\\\/www.micro-vehicules.com\\\/blog\\\/#website\"},\"primaryImageOfPage\":{\"@id\":\"https:\\\/\\\/www.micro-vehicules.com\\\/blog\\\/sevran-itineraire-legislatives-les-candidats-du-poi-sur-clichy-et-levallois\\\/#primaryimage\"},\"image\":{\"@id\":\"https:\\\/\\\/www.micro-vehicules.com\\\/blog\\\/sevran-itineraire-legislatives-les-candidats-du-poi-sur-clichy-et-levallois\\\/#primaryimage\"},\"thumbnailUrl\":\"https:\\\/\\\/www.micro-vehicules.com\\\/blog\\\/wp-content\\\/uploads\\\/2026\\\/04\\\/sevran-itineraire-Legislatives-les-candidats-du-POI-sur-Clichy-1024x576-1.jpg\",\"datePublished\":\"2026-04-03T16:12:26+00:00\",\"breadcrumb\":{\"@id\":\"https:\\\/\\\/www.micro-vehicules.com\\\/blog\\\/sevran-itineraire-legislatives-les-candidats-du-poi-sur-clichy-et-levallois\\\/#breadcrumb\"},\"inLanguage\":\"fr-FR\",\"potentialAction\":[{\"@type\":\"ReadAction\",\"target\":[\"https:\\\/\\\/www.micro-vehicules.com\\\/blog\\\/sevran-itineraire-legislatives-les-candidats-du-poi-sur-clichy-et-levallois\\\/\"]}]},{\"@type\":\"ImageObject\",\"inLanguage\":\"fr-FR\",\"@id\":\"https:\\\/\\\/www.micro-vehicules.com\\\/blog\\\/sevran-itineraire-legislatives-les-candidats-du-poi-sur-clichy-et-levallois\\\/#primaryimage\",\"url\":\"https:\\\/\\\/www.micro-vehicules.com\\\/blog\\\/wp-content\\\/uploads\\\/2026\\\/04\\\/sevran-itineraire-Legislatives-les-candidats-du-POI-sur-Clichy-1024x576-1.jpg\",\"contentUrl\":\"https:\\\/\\\/www.micro-vehicules.com\\\/blog\\\/wp-content\\\/uploads\\\/2026\\\/04\\\/sevran-itineraire-Legislatives-les-candidats-du-POI-sur-Clichy-1024x576-1.jpg\",\"width\":1024,\"height\":576},{\"@type\":\"BreadcrumbList\",\"@id\":\"https:\\\/\\\/www.micro-vehicules.com\\\/blog\\\/sevran-itineraire-legislatives-les-candidats-du-poi-sur-clichy-et-levallois\\\/#breadcrumb\",\"itemListElement\":[{\"@type\":\"ListItem\",\"position\":1,\"name\":\"Accueil\",\"item\":\"https:\\\/\\\/www.micro-vehicules.com\\\/blog\\\/\"},{\"@type\":\"ListItem\",\"position\":2,\"name\":\"(sevran itin\u00e9raire): L\u00e9gislatives : les candidats du POI sur Clichy et Levallois\"}]},{\"@type\":\"WebSite\",\"@id\":\"https:\\\/\\\/www.micro-vehicules.com\\\/blog\\\/#website\",\"url\":\"https:\\\/\\\/www.micro-vehicules.com\\\/blog\\\/\",\"name\":\"MICRO-VEHICULES\",\"description\":\"Pour acheter une voiture sans permis.\",\"publisher\":{\"@id\":\"https:\\\/\\\/www.micro-vehicules.com\\\/blog\\\/#organization\"},\"potentialAction\":[{\"@type\":\"SearchAction\",\"target\":{\"@type\":\"EntryPoint\",\"urlTemplate\":\"https:\\\/\\\/www.micro-vehicules.com\\\/blog\\\/?s={search_term_string}\"},\"query-input\":{\"@type\":\"PropertyValueSpecification\",\"valueRequired\":true,\"valueName\":\"search_term_string\"}}],\"inLanguage\":\"fr-FR\"},{\"@type\":\"Organization\",\"@id\":\"https:\\\/\\\/www.micro-vehicules.com\\\/blog\\\/#organization\",\"name\":\"micro-vehicules\",\"url\":\"https:\\\/\\\/www.micro-vehicules.com\\\/blog\\\/\",\"logo\":{\"@type\":\"ImageObject\",\"inLanguage\":\"fr-FR\",\"@id\":\"https:\\\/\\\/www.micro-vehicules.com\\\/blog\\\/#\\\/schema\\\/logo\\\/image\\\/\",\"url\":\"https:\\\/\\\/www.micro-vehicules.com\\\/blog\\\/wp-content\\\/uploads\\\/2023\\\/06\\\/logo-2.png\",\"contentUrl\":\"https:\\\/\\\/www.micro-vehicules.com\\\/blog\\\/wp-content\\\/uploads\\\/2023\\\/06\\\/logo-2.png\",\"width\":340,\"height\":179,\"caption\":\"micro-vehicules\"},\"image\":{\"@id\":\"https:\\\/\\\/www.micro-vehicules.com\\\/blog\\\/#\\\/schema\\\/logo\\\/image\\\/\"}},{\"@type\":\"Person\",\"@id\":\"https:\\\/\\\/www.micro-vehicules.com\\\/blog\\\/#\\\/schema\\\/person\\\/fe2699af12675c9a6c81f5147411ac97\",\"name\":\"Constant FOULE\",\"image\":{\"@type\":\"ImageObject\",\"inLanguage\":\"fr-FR\",\"@id\":\"https:\\\/\\\/secure.gravatar.com\\\/avatar\\\/b89997095efd6ca2ab42b729fae544d241044664dbb4ec1b90634002c0516442?s=96&d=mm&r=g\",\"url\":\"https:\\\/\\\/secure.gravatar.com\\\/avatar\\\/b89997095efd6ca2ab42b729fae544d241044664dbb4ec1b90634002c0516442?s=96&d=mm&r=g\",\"contentUrl\":\"https:\\\/\\\/secure.gravatar.com\\\/avatar\\\/b89997095efd6ca2ab42b729fae544d241044664dbb4ec1b90634002c0516442?s=96&d=mm&r=g\",\"caption\":\"Constant FOULE\"},\"url\":\"https:\\\/\\\/www.micro-vehicules.com\\\/blog\\\/author\\\/lesconstant\\\/\"}]}<\/script>\n<!-- \/ Yoast SEO plugin. -->","yoast_head_json":{"title":"(sevran itin\u00e9raire): L\u00e9gislatives : les candidats du POI sur Clichy et Levallois - MICRO-VEHICULES","robots":{"index":"index","follow":"follow","max-snippet":"max-snippet:-1","max-image-preview":"max-image-preview:large","max-video-preview":"max-video-preview:-1"},"canonical":"https:\/\/www.micro-vehicules.com\/blog\/sevran-itineraire-legislatives-les-candidats-du-poi-sur-clichy-et-levallois\/","og_locale":"fr_FR","og_type":"article","og_title":"(sevran itin\u00e9raire): L\u00e9gislatives : les candidats du POI sur Clichy et Levallois - MICRO-VEHICULES","og_description":"Ce film mettant en avant \u00absevran itin\u00e9raire\u00bb est disponible en streaming sur Youtube. Un regard unique de StudioWEBduPOI sur \u00ab\u00a0sevran itin\u00e9raire\u00a0\u00bb. Cette vid\u00e9o, mise en ligne par StudioWEBduPOI, est disponible sur youtube. traitant de \u00ab\u00a0sevran itin\u00e9raire\u00a0\u00bb: La dur\u00e9e (00:03:55s), le titre (L\u00e9gislatives : les candidats du POI sur Clichy et Levallois) et les informations de l\u2019auteur sont des d\u00e9tails importants \u00e0 consid\u00e9rer, tout comme la description :\u00ab Jean-Michel Sauge et Anne-Marie Gardent pr\u00e9sentent leur candidature \u00bb. SEVRAN : Crise d\u2019Exemplarit\u00e9 et Gestion Financi\u00e8re D\u00e9faillante Une r\u00e9cente \u00e9tude des finances de Sevran r\u00e9v\u00e8le une situation pr\u00e9occupante qui s\u2019est d\u00e9t\u00e9rior\u00e9e entre 2020\u2026","og_url":"https:\/\/www.micro-vehicules.com\/blog\/sevran-itineraire-legislatives-les-candidats-du-poi-sur-clichy-et-levallois\/","og_site_name":"MICRO-VEHICULES","article_published_time":"2026-04-03T16:12:26+00:00","og_image":[{"url":"https:\/\/www.micro-vehicules.com\/blog\/wp-content\/uploads\/2026\/04\/sevran-itineraire-Legislatives-les-candidats-du-POI-sur-Clichy-1024x576-1.jpg","type":"","width":"","height":""}],"author":"Constant FOULE","twitter_card":"summary_large_image","twitter_misc":{"\u00c9crit par":"Constant FOULE","Dur\u00e9e de lecture estim\u00e9e":"5 minutes"},"schema":{"@context":"https:\/\/schema.org","@graph":[{"@type":"Article","@id":"https:\/\/www.micro-vehicules.com\/blog\/sevran-itineraire-legislatives-les-candidats-du-poi-sur-clichy-et-levallois\/#article","isPartOf":{"@id":"https:\/\/www.micro-vehicules.com\/blog\/sevran-itineraire-legislatives-les-candidats-du-poi-sur-clichy-et-levallois\/"},"author":{"name":"Constant FOULE","@id":"https:\/\/www.micro-vehicules.com\/blog\/#\/schema\/person\/fe2699af12675c9a6c81f5147411ac97"},"headline":"(sevran itin\u00e9raire): L\u00e9gislatives : les candidats du POI sur Clichy et Levallois","datePublished":"2026-04-03T16:12:26+00:00","mainEntityOfPage":{"@id":"https:\/\/www.micro-vehicules.com\/blog\/sevran-itineraire-legislatives-les-candidats-du-poi-sur-clichy-et-levallois\/"},"wordCount":1050,"publisher":{"@id":"https:\/\/www.micro-vehicules.com\/blog\/#organization"},"image":{"@id":"https:\/\/www.micro-vehicules.com\/blog\/sevran-itineraire-legislatives-les-candidats-du-poi-sur-clichy-et-levallois\/#primaryimage"},"thumbnailUrl":"https:\/\/www.micro-vehicules.com\/blog\/wp-content\/uploads\/2026\/04\/sevran-itineraire-Legislatives-les-candidats-du-POI-sur-Clichy-1024x576-1.jpg","articleSection":["Br\u00e8ves Sur Voitures Sans Permis:"],"inLanguage":"fr-FR"},{"@type":"WebPage","@id":"https:\/\/www.micro-vehicules.com\/blog\/sevran-itineraire-legislatives-les-candidats-du-poi-sur-clichy-et-levallois\/","url":"https:\/\/www.micro-vehicules.com\/blog\/sevran-itineraire-legislatives-les-candidats-du-poi-sur-clichy-et-levallois\/","name":"(sevran itin\u00e9raire): L\u00e9gislatives : les candidats du POI sur Clichy et Levallois - MICRO-VEHICULES","isPartOf":{"@id":"https:\/\/www.micro-vehicules.com\/blog\/#website"},"primaryImageOfPage":{"@id":"https:\/\/www.micro-vehicules.com\/blog\/sevran-itineraire-legislatives-les-candidats-du-poi-sur-clichy-et-levallois\/#primaryimage"},"image":{"@id":"https:\/\/www.micro-vehicules.com\/blog\/sevran-itineraire-legislatives-les-candidats-du-poi-sur-clichy-et-levallois\/#primaryimage"},"thumbnailUrl":"https:\/\/www.micro-vehicules.com\/blog\/wp-content\/uploads\/2026\/04\/sevran-itineraire-Legislatives-les-candidats-du-POI-sur-Clichy-1024x576-1.jpg","datePublished":"2026-04-03T16:12:26+00:00","breadcrumb":{"@id":"https:\/\/www.micro-vehicules.com\/blog\/sevran-itineraire-legislatives-les-candidats-du-poi-sur-clichy-et-levallois\/#breadcrumb"},"inLanguage":"fr-FR","potentialAction":[{"@type":"ReadAction","target":["https:\/\/www.micro-vehicules.com\/blog\/sevran-itineraire-legislatives-les-candidats-du-poi-sur-clichy-et-levallois\/"]}]},{"@type":"ImageObject","inLanguage":"fr-FR","@id":"https:\/\/www.micro-vehicules.com\/blog\/sevran-itineraire-legislatives-les-candidats-du-poi-sur-clichy-et-levallois\/#primaryimage","url":"https:\/\/www.micro-vehicules.com\/blog\/wp-content\/uploads\/2026\/04\/sevran-itineraire-Legislatives-les-candidats-du-POI-sur-Clichy-1024x576-1.jpg","contentUrl":"https:\/\/www.micro-vehicules.com\/blog\/wp-content\/uploads\/2026\/04\/sevran-itineraire-Legislatives-les-candidats-du-POI-sur-Clichy-1024x576-1.jpg","width":1024,"height":576},{"@type":"BreadcrumbList","@id":"https:\/\/www.micro-vehicules.com\/blog\/sevran-itineraire-legislatives-les-candidats-du-poi-sur-clichy-et-levallois\/#breadcrumb","itemListElement":[{"@type":"ListItem","position":1,"name":"Accueil","item":"https:\/\/www.micro-vehicules.com\/blog\/"},{"@type":"ListItem","position":2,"name":"(sevran itin\u00e9raire): L\u00e9gislatives : les candidats du POI sur Clichy et Levallois"}]},{"@type":"WebSite","@id":"https:\/\/www.micro-vehicules.com\/blog\/#website","url":"https:\/\/www.micro-vehicules.com\/blog\/","name":"MICRO-VEHICULES","description":"Pour acheter une voiture sans permis.","publisher":{"@id":"https:\/\/www.micro-vehicules.com\/blog\/#organization"},"potentialAction":[{"@type":"SearchAction","target":{"@type":"EntryPoint","urlTemplate":"https:\/\/www.micro-vehicules.com\/blog\/?s={search_term_string}"},"query-input":{"@type":"PropertyValueSpecification","valueRequired":true,"valueName":"search_term_string"}}],"inLanguage":"fr-FR"},{"@type":"Organization","@id":"https:\/\/www.micro-vehicules.com\/blog\/#organization","name":"micro-vehicules","url":"https:\/\/www.micro-vehicules.com\/blog\/","logo":{"@type":"ImageObject","inLanguage":"fr-FR","@id":"https:\/\/www.micro-vehicules.com\/blog\/#\/schema\/logo\/image\/","url":"https:\/\/www.micro-vehicules.com\/blog\/wp-content\/uploads\/2023\/06\/logo-2.png","contentUrl":"https:\/\/www.micro-vehicules.com\/blog\/wp-content\/uploads\/2023\/06\/logo-2.png","width":340,"height":179,"caption":"micro-vehicules"},"image":{"@id":"https:\/\/www.micro-vehicules.com\/blog\/#\/schema\/logo\/image\/"}},{"@type":"Person","@id":"https:\/\/www.micro-vehicules.com\/blog\/#\/schema\/person\/fe2699af12675c9a6c81f5147411ac97","name":"Constant FOULE","image":{"@type":"ImageObject","inLanguage":"fr-FR","@id":"https:\/\/secure.gravatar.com\/avatar\/b89997095efd6ca2ab42b729fae544d241044664dbb4ec1b90634002c0516442?s=96&d=mm&r=g","url":"https:\/\/secure.gravatar.com\/avatar\/b89997095efd6ca2ab42b729fae544d241044664dbb4ec1b90634002c0516442?s=96&d=mm&r=g","contentUrl":"https:\/\/secure.gravatar.com\/avatar\/b89997095efd6ca2ab42b729fae544d241044664dbb4ec1b90634002c0516442?s=96&d=mm&r=g","caption":"Constant FOULE"},"url":"https:\/\/www.micro-vehicules.com\/blog\/author\/lesconstant\/"}]}},"_links":{"self":[{"href":"https:\/\/www.micro-vehicules.com\/blog\/wp-json\/wp\/v2\/posts\/1917","targetHints":{"allow":["GET"]}}],"collection":[{"href":"https:\/\/www.micro-vehicules.com\/blog\/wp-json\/wp\/v2\/posts"}],"about":[{"href":"https:\/\/www.micro-vehicules.com\/blog\/wp-json\/wp\/v2\/types\/post"}],"author":[{"embeddable":true,"href":"https:\/\/www.micro-vehicules.com\/blog\/wp-json\/wp\/v2\/users\/2"}],"replies":[{"embeddable":true,"href":"https:\/\/www.micro-vehicules.com\/blog\/wp-json\/wp\/v2\/comments?post=1917"}],"version-history":[{"count":0,"href":"https:\/\/www.micro-vehicules.com\/blog\/wp-json\/wp\/v2\/posts\/1917\/revisions"}],"wp:featuredmedia":[{"embeddable":true,"href":"https:\/\/www.micro-vehicules.com\/blog\/wp-json\/wp\/v2\/media\/1918"}],"wp:attachment":[{"href":"https:\/\/www.micro-vehicules.com\/blog\/wp-json\/wp\/v2\/media?parent=1917"}],"wp:term":[{"taxonomy":"category","embeddable":true,"href":"https:\/\/www.micro-vehicules.com\/blog\/wp-json\/wp\/v2\/categories?post=1917"},{"taxonomy":"post_tag","embeddable":true,"href":"https:\/\/www.micro-vehicules.com\/blog\/wp-json\/wp\/v2\/tags?post=1917"}],"curies":[{"name":"wp","href":"https:\/\/api.w.org\/{rel}","templated":true}]}}