{"id":1900,"date":"2026-03-27T00:09:23","date_gmt":"2026-03-26T23:09:23","guid":{"rendered":"https:\/\/www.micro-vehicules.com\/blog\/retraits-de-points-en-serie-la-location-de-voitures-sans-permis-explose-dans-leure\/"},"modified":"2026-03-27T00:09:23","modified_gmt":"2026-03-26T23:09:23","slug":"retraits-de-points-en-serie-la-location-de-voitures-sans-permis-explose-dans-leure","status":"publish","type":"post","link":"https:\/\/www.micro-vehicules.com\/blog\/retraits-de-points-en-serie-la-location-de-voitures-sans-permis-explose-dans-leure\/","title":{"rendered":"Retraits de points en s\u00e9rie : la location de voitures sans permis explose dans l\u2019Eure"},"content":{"rendered":"<div>\u00c0 Igoville, dans l\u2019Eure rurale, un garagiste voit la location de voitures sans permis exploser en quelques mois, port\u00e9e par les retraits de points. Derri\u00e8re ce boom discret, une client\u00e8le pr\u00eate \u00e0 tout &#8230;<\/div>\n<p><!-- no image --><a target=\"_blank\" rel=\"nofollow\" href=\"https:\/\/www.micro-vehicules.com\/blog\/goto\/https:\/\/www.autojournal.fr\/actu\/insolites-actu\/retraits-points-serie-location-voitures-sans-permis-explose-408244.html\" >Aller \u00e0 la source<\/a><br \/>Le but de micro-vehicules.com est de rassembler en ligne des donn\u00e9es autour de Voitures sans permis puis les pr\u00e9senter en t\u00e2chant de r\u00e9pondre du mieux possible aux interrogations du public. Cette chronique est g\u00e9n\u00e9r\u00e9e du mieux possible. S\u2019il advenait que vous d\u00e9cidez de pr\u00e9senter des renseignements suppl\u00e9mentaires \u00e0 cet article sur le sujet \u00ab\u00a0Voitures sans permis\u00a0\u00bb il vous est possible d\u2019\u00e9crire aux contacts indiqu\u00e9s sur notre site web. Ce texte a \u00e9t\u00e9 tri\u00e9 par la plateforme micro-vehicules.com sur le web pour la raison qu\u2019il apparait dans les colonnes d&rsquo;un blog vou\u00e9 au th\u00e8me \u00ab\u00a0Voitures sans permis\u00a0\u00bb. D\u2019ici quelques heures, on publiera d&rsquo;autres annonces sur le sujet \u00ab\u00a0Voitures sans permis\u00a0\u00bb. Alors, consultez syst\u00e9matiquement notre blog.<\/p>\n","protected":false},"excerpt":{"rendered":"<p>\u00c0 Igoville, dans l\u2019Eure rurale, un garagiste voit la location de voitures sans permis exploser en quelques mois, port\u00e9e par les retraits de points. Derri\u00e8re ce boom discret, une client\u00e8le pr\u00eate \u00e0 tout &#8230; Aller \u00e0 la sourceLe but de micro-vehicules.com est de rassembler en ligne des donn\u00e9es autour de Voitures sans permis puis les pr\u00e9senter en t\u00e2chant de r\u00e9pondre du mieux possible aux interrogations du public. Cette chronique est g\u00e9n\u00e9r\u00e9e du mieux possible. S\u2019il advenait que vous d\u00e9cidez de pr\u00e9senter des renseignements suppl\u00e9mentaires \u00e0 cet article sur le sujet \u00ab\u00a0Voitures sans permis\u00a0\u00bb il vous est possible d\u2019\u00e9crire aux contacts\u2026<\/p>\n","protected":false},"author":2,"featured_media":0,"comment_status":"closed","ping_status":"closed","sticky":false,"template":"","format":"standard","meta":{"footnotes":""},"categories":[4],"tags":[],"class_list":["post-1900","post","type-post","status-publish","format-standard","hentry","category-breves-sur-voitures-sans-permis"],"blocksy_meta":"","yoast_head":"<!-- This site is optimized with the Yoast SEO plugin v27.5 - https:\/\/yoast.com\/product\/yoast-seo-wordpress\/ -->\n<title>Retraits de points en s\u00e9rie : la location de voitures sans permis explose dans l\u2019Eure - MICRO-VEHICULES<\/title>\n<meta name=\"robots\" content=\"index, follow, max-snippet:-1, max-image-preview:large, max-video-preview:-1\" \/>\n<link rel=\"canonical\" href=\"https:\/\/www.micro-vehicules.com\/blog\/retraits-de-points-en-serie-la-location-de-voitures-sans-permis-explose-dans-leure\/\" \/>\n<meta property=\"og:locale\" content=\"fr_FR\" \/>\n<meta property=\"og:type\" content=\"article\" \/>\n<meta property=\"og:title\" content=\"Retraits de points en s\u00e9rie : la location de voitures sans permis explose dans l\u2019Eure - MICRO-VEHICULES\" \/>\n<meta property=\"og:description\" content=\"\u00c0 Igoville, dans l\u2019Eure rurale, un garagiste voit la location de voitures sans permis exploser en quelques mois, port\u00e9e par les retraits de points. Derri\u00e8re ce boom discret, une client\u00e8le pr\u00eate \u00e0 tout &#8230; Aller \u00e0 la sourceLe but de micro-vehicules.com est de rassembler en ligne des donn\u00e9es autour de Voitures sans permis puis les pr\u00e9senter en t\u00e2chant de r\u00e9pondre du mieux possible aux interrogations du public. Cette chronique est g\u00e9n\u00e9r\u00e9e du mieux possible. S\u2019il advenait que vous d\u00e9cidez de pr\u00e9senter des renseignements suppl\u00e9mentaires \u00e0 cet article sur le sujet \u00ab\u00a0Voitures sans permis\u00a0\u00bb il vous est possible d\u2019\u00e9crire aux contacts\u2026\" \/>\n<meta property=\"og:url\" content=\"https:\/\/www.micro-vehicules.com\/blog\/retraits-de-points-en-serie-la-location-de-voitures-sans-permis-explose-dans-leure\/\" \/>\n<meta property=\"og:site_name\" content=\"MICRO-VEHICULES\" \/>\n<meta property=\"article:published_time\" content=\"2026-03-26T23:09:23+00:00\" \/>\n<meta name=\"author\" content=\"Constant FOULE\" \/>\n<meta name=\"twitter:card\" content=\"summary_large_image\" \/>\n<meta name=\"twitter:label1\" content=\"\u00c9crit par\" \/>\n\t<meta name=\"twitter:data1\" content=\"Constant FOULE\" \/>\n\t<meta name=\"twitter:label2\" content=\"Dur\u00e9e de lecture estim\u00e9e\" \/>\n\t<meta name=\"twitter:data2\" content=\"1 minute\" \/>\n<script type=\"application\/ld+json\" class=\"yoast-schema-graph\">{\"@context\":\"https:\\\/\\\/schema.org\",\"@graph\":[{\"@type\":\"Article\",\"@id\":\"https:\\\/\\\/www.micro-vehicules.com\\\/blog\\\/retraits-de-points-en-serie-la-location-de-voitures-sans-permis-explose-dans-leure\\\/#article\",\"isPartOf\":{\"@id\":\"https:\\\/\\\/www.micro-vehicules.com\\\/blog\\\/retraits-de-points-en-serie-la-location-de-voitures-sans-permis-explose-dans-leure\\\/\"},\"author\":{\"name\":\"Constant FOULE\",\"@id\":\"https:\\\/\\\/www.micro-vehicules.com\\\/blog\\\/#\\\/schema\\\/person\\\/fe2699af12675c9a6c81f5147411ac97\"},\"headline\":\"Retraits de points en s\u00e9rie : la location de voitures sans permis explose dans l\u2019Eure\",\"datePublished\":\"2026-03-26T23:09:23+00:00\",\"mainEntityOfPage\":{\"@id\":\"https:\\\/\\\/www.micro-vehicules.com\\\/blog\\\/retraits-de-points-en-serie-la-location-de-voitures-sans-permis-explose-dans-leure\\\/\"},\"wordCount\":187,\"publisher\":{\"@id\":\"https:\\\/\\\/www.micro-vehicules.com\\\/blog\\\/#organization\"},\"articleSection\":[\"Br\u00e8ves Sur Voitures Sans Permis:\"],\"inLanguage\":\"fr-FR\"},{\"@type\":\"WebPage\",\"@id\":\"https:\\\/\\\/www.micro-vehicules.com\\\/blog\\\/retraits-de-points-en-serie-la-location-de-voitures-sans-permis-explose-dans-leure\\\/\",\"url\":\"https:\\\/\\\/www.micro-vehicules.com\\\/blog\\\/retraits-de-points-en-serie-la-location-de-voitures-sans-permis-explose-dans-leure\\\/\",\"name\":\"Retraits de points en s\u00e9rie : la location de voitures sans permis explose dans l\u2019Eure - MICRO-VEHICULES\",\"isPartOf\":{\"@id\":\"https:\\\/\\\/www.micro-vehicules.com\\\/blog\\\/#website\"},\"datePublished\":\"2026-03-26T23:09:23+00:00\",\"breadcrumb\":{\"@id\":\"https:\\\/\\\/www.micro-vehicules.com\\\/blog\\\/retraits-de-points-en-serie-la-location-de-voitures-sans-permis-explose-dans-leure\\\/#breadcrumb\"},\"inLanguage\":\"fr-FR\",\"potentialAction\":[{\"@type\":\"ReadAction\",\"target\":[\"https:\\\/\\\/www.micro-vehicules.com\\\/blog\\\/retraits-de-points-en-serie-la-location-de-voitures-sans-permis-explose-dans-leure\\\/\"]}]},{\"@type\":\"BreadcrumbList\",\"@id\":\"https:\\\/\\\/www.micro-vehicules.com\\\/blog\\\/retraits-de-points-en-serie-la-location-de-voitures-sans-permis-explose-dans-leure\\\/#breadcrumb\",\"itemListElement\":[{\"@type\":\"ListItem\",\"position\":1,\"name\":\"Accueil\",\"item\":\"https:\\\/\\\/www.micro-vehicules.com\\\/blog\\\/\"},{\"@type\":\"ListItem\",\"position\":2,\"name\":\"Retraits de points en s\u00e9rie : la location de voitures sans permis explose dans l\u2019Eure\"}]},{\"@type\":\"WebSite\",\"@id\":\"https:\\\/\\\/www.micro-vehicules.com\\\/blog\\\/#website\",\"url\":\"https:\\\/\\\/www.micro-vehicules.com\\\/blog\\\/\",\"name\":\"MICRO-VEHICULES\",\"description\":\"Pour acheter une voiture sans permis.\",\"publisher\":{\"@id\":\"https:\\\/\\\/www.micro-vehicules.com\\\/blog\\\/#organization\"},\"potentialAction\":[{\"@type\":\"SearchAction\",\"target\":{\"@type\":\"EntryPoint\",\"urlTemplate\":\"https:\\\/\\\/www.micro-vehicules.com\\\/blog\\\/?s={search_term_string}\"},\"query-input\":{\"@type\":\"PropertyValueSpecification\",\"valueRequired\":true,\"valueName\":\"search_term_string\"}}],\"inLanguage\":\"fr-FR\"},{\"@type\":\"Organization\",\"@id\":\"https:\\\/\\\/www.micro-vehicules.com\\\/blog\\\/#organization\",\"name\":\"micro-vehicules\",\"url\":\"https:\\\/\\\/www.micro-vehicules.com\\\/blog\\\/\",\"logo\":{\"@type\":\"ImageObject\",\"inLanguage\":\"fr-FR\",\"@id\":\"https:\\\/\\\/www.micro-vehicules.com\\\/blog\\\/#\\\/schema\\\/logo\\\/image\\\/\",\"url\":\"https:\\\/\\\/www.micro-vehicules.com\\\/blog\\\/wp-content\\\/uploads\\\/2023\\\/06\\\/logo-2.png\",\"contentUrl\":\"https:\\\/\\\/www.micro-vehicules.com\\\/blog\\\/wp-content\\\/uploads\\\/2023\\\/06\\\/logo-2.png\",\"width\":340,\"height\":179,\"caption\":\"micro-vehicules\"},\"image\":{\"@id\":\"https:\\\/\\\/www.micro-vehicules.com\\\/blog\\\/#\\\/schema\\\/logo\\\/image\\\/\"}},{\"@type\":\"Person\",\"@id\":\"https:\\\/\\\/www.micro-vehicules.com\\\/blog\\\/#\\\/schema\\\/person\\\/fe2699af12675c9a6c81f5147411ac97\",\"name\":\"Constant FOULE\",\"image\":{\"@type\":\"ImageObject\",\"inLanguage\":\"fr-FR\",\"@id\":\"https:\\\/\\\/secure.gravatar.com\\\/avatar\\\/b89997095efd6ca2ab42b729fae544d241044664dbb4ec1b90634002c0516442?s=96&d=mm&r=g\",\"url\":\"https:\\\/\\\/secure.gravatar.com\\\/avatar\\\/b89997095efd6ca2ab42b729fae544d241044664dbb4ec1b90634002c0516442?s=96&d=mm&r=g\",\"contentUrl\":\"https:\\\/\\\/secure.gravatar.com\\\/avatar\\\/b89997095efd6ca2ab42b729fae544d241044664dbb4ec1b90634002c0516442?s=96&d=mm&r=g\",\"caption\":\"Constant FOULE\"},\"url\":\"https:\\\/\\\/www.micro-vehicules.com\\\/blog\\\/author\\\/lesconstant\\\/\"}]}<\/script>\n<!-- \/ Yoast SEO plugin. -->","yoast_head_json":{"title":"Retraits de points en s\u00e9rie : la location de voitures sans permis explose dans l\u2019Eure - MICRO-VEHICULES","robots":{"index":"index","follow":"follow","max-snippet":"max-snippet:-1","max-image-preview":"max-image-preview:large","max-video-preview":"max-video-preview:-1"},"canonical":"https:\/\/www.micro-vehicules.com\/blog\/retraits-de-points-en-serie-la-location-de-voitures-sans-permis-explose-dans-leure\/","og_locale":"fr_FR","og_type":"article","og_title":"Retraits de points en s\u00e9rie : la location de voitures sans permis explose dans l\u2019Eure - MICRO-VEHICULES","og_description":"\u00c0 Igoville, dans l\u2019Eure rurale, un garagiste voit la location de voitures sans permis exploser en quelques mois, port\u00e9e par les retraits de points. Derri\u00e8re ce boom discret, une client\u00e8le pr\u00eate \u00e0 tout &#8230; Aller \u00e0 la sourceLe but de micro-vehicules.com est de rassembler en ligne des donn\u00e9es autour de Voitures sans permis puis les pr\u00e9senter en t\u00e2chant de r\u00e9pondre du mieux possible aux interrogations du public. Cette chronique est g\u00e9n\u00e9r\u00e9e du mieux possible. S\u2019il advenait que vous d\u00e9cidez de pr\u00e9senter des renseignements suppl\u00e9mentaires \u00e0 cet article sur le sujet \u00ab\u00a0Voitures sans permis\u00a0\u00bb il vous est possible d\u2019\u00e9crire aux contacts\u2026","og_url":"https:\/\/www.micro-vehicules.com\/blog\/retraits-de-points-en-serie-la-location-de-voitures-sans-permis-explose-dans-leure\/","og_site_name":"MICRO-VEHICULES","article_published_time":"2026-03-26T23:09:23+00:00","author":"Constant FOULE","twitter_card":"summary_large_image","twitter_misc":{"\u00c9crit par":"Constant FOULE","Dur\u00e9e de lecture estim\u00e9e":"1 minute"},"schema":{"@context":"https:\/\/schema.org","@graph":[{"@type":"Article","@id":"https:\/\/www.micro-vehicules.com\/blog\/retraits-de-points-en-serie-la-location-de-voitures-sans-permis-explose-dans-leure\/#article","isPartOf":{"@id":"https:\/\/www.micro-vehicules.com\/blog\/retraits-de-points-en-serie-la-location-de-voitures-sans-permis-explose-dans-leure\/"},"author":{"name":"Constant FOULE","@id":"https:\/\/www.micro-vehicules.com\/blog\/#\/schema\/person\/fe2699af12675c9a6c81f5147411ac97"},"headline":"Retraits de points en s\u00e9rie : la location de voitures sans permis explose dans l\u2019Eure","datePublished":"2026-03-26T23:09:23+00:00","mainEntityOfPage":{"@id":"https:\/\/www.micro-vehicules.com\/blog\/retraits-de-points-en-serie-la-location-de-voitures-sans-permis-explose-dans-leure\/"},"wordCount":187,"publisher":{"@id":"https:\/\/www.micro-vehicules.com\/blog\/#organization"},"articleSection":["Br\u00e8ves Sur Voitures Sans Permis:"],"inLanguage":"fr-FR"},{"@type":"WebPage","@id":"https:\/\/www.micro-vehicules.com\/blog\/retraits-de-points-en-serie-la-location-de-voitures-sans-permis-explose-dans-leure\/","url":"https:\/\/www.micro-vehicules.com\/blog\/retraits-de-points-en-serie-la-location-de-voitures-sans-permis-explose-dans-leure\/","name":"Retraits de points en s\u00e9rie : la location de voitures sans permis explose dans l\u2019Eure - MICRO-VEHICULES","isPartOf":{"@id":"https:\/\/www.micro-vehicules.com\/blog\/#website"},"datePublished":"2026-03-26T23:09:23+00:00","breadcrumb":{"@id":"https:\/\/www.micro-vehicules.com\/blog\/retraits-de-points-en-serie-la-location-de-voitures-sans-permis-explose-dans-leure\/#breadcrumb"},"inLanguage":"fr-FR","potentialAction":[{"@type":"ReadAction","target":["https:\/\/www.micro-vehicules.com\/blog\/retraits-de-points-en-serie-la-location-de-voitures-sans-permis-explose-dans-leure\/"]}]},{"@type":"BreadcrumbList","@id":"https:\/\/www.micro-vehicules.com\/blog\/retraits-de-points-en-serie-la-location-de-voitures-sans-permis-explose-dans-leure\/#breadcrumb","itemListElement":[{"@type":"ListItem","position":1,"name":"Accueil","item":"https:\/\/www.micro-vehicules.com\/blog\/"},{"@type":"ListItem","position":2,"name":"Retraits de points en s\u00e9rie : la location de voitures sans permis explose dans l\u2019Eure"}]},{"@type":"WebSite","@id":"https:\/\/www.micro-vehicules.com\/blog\/#website","url":"https:\/\/www.micro-vehicules.com\/blog\/","name":"MICRO-VEHICULES","description":"Pour acheter une voiture sans permis.","publisher":{"@id":"https:\/\/www.micro-vehicules.com\/blog\/#organization"},"potentialAction":[{"@type":"SearchAction","target":{"@type":"EntryPoint","urlTemplate":"https:\/\/www.micro-vehicules.com\/blog\/?s={search_term_string}"},"query-input":{"@type":"PropertyValueSpecification","valueRequired":true,"valueName":"search_term_string"}}],"inLanguage":"fr-FR"},{"@type":"Organization","@id":"https:\/\/www.micro-vehicules.com\/blog\/#organization","name":"micro-vehicules","url":"https:\/\/www.micro-vehicules.com\/blog\/","logo":{"@type":"ImageObject","inLanguage":"fr-FR","@id":"https:\/\/www.micro-vehicules.com\/blog\/#\/schema\/logo\/image\/","url":"https:\/\/www.micro-vehicules.com\/blog\/wp-content\/uploads\/2023\/06\/logo-2.png","contentUrl":"https:\/\/www.micro-vehicules.com\/blog\/wp-content\/uploads\/2023\/06\/logo-2.png","width":340,"height":179,"caption":"micro-vehicules"},"image":{"@id":"https:\/\/www.micro-vehicules.com\/blog\/#\/schema\/logo\/image\/"}},{"@type":"Person","@id":"https:\/\/www.micro-vehicules.com\/blog\/#\/schema\/person\/fe2699af12675c9a6c81f5147411ac97","name":"Constant FOULE","image":{"@type":"ImageObject","inLanguage":"fr-FR","@id":"https:\/\/secure.gravatar.com\/avatar\/b89997095efd6ca2ab42b729fae544d241044664dbb4ec1b90634002c0516442?s=96&d=mm&r=g","url":"https:\/\/secure.gravatar.com\/avatar\/b89997095efd6ca2ab42b729fae544d241044664dbb4ec1b90634002c0516442?s=96&d=mm&r=g","contentUrl":"https:\/\/secure.gravatar.com\/avatar\/b89997095efd6ca2ab42b729fae544d241044664dbb4ec1b90634002c0516442?s=96&d=mm&r=g","caption":"Constant FOULE"},"url":"https:\/\/www.micro-vehicules.com\/blog\/author\/lesconstant\/"}]}},"_links":{"self":[{"href":"https:\/\/www.micro-vehicules.com\/blog\/wp-json\/wp\/v2\/posts\/1900","targetHints":{"allow":["GET"]}}],"collection":[{"href":"https:\/\/www.micro-vehicules.com\/blog\/wp-json\/wp\/v2\/posts"}],"about":[{"href":"https:\/\/www.micro-vehicules.com\/blog\/wp-json\/wp\/v2\/types\/post"}],"author":[{"embeddable":true,"href":"https:\/\/www.micro-vehicules.com\/blog\/wp-json\/wp\/v2\/users\/2"}],"replies":[{"embeddable":true,"href":"https:\/\/www.micro-vehicules.com\/blog\/wp-json\/wp\/v2\/comments?post=1900"}],"version-history":[{"count":0,"href":"https:\/\/www.micro-vehicules.com\/blog\/wp-json\/wp\/v2\/posts\/1900\/revisions"}],"wp:attachment":[{"href":"https:\/\/www.micro-vehicules.com\/blog\/wp-json\/wp\/v2\/media?parent=1900"}],"wp:term":[{"taxonomy":"category","embeddable":true,"href":"https:\/\/www.micro-vehicules.com\/blog\/wp-json\/wp\/v2\/categories?post=1900"},{"taxonomy":"post_tag","embeddable":true,"href":"https:\/\/www.micro-vehicules.com\/blog\/wp-json\/wp\/v2\/tags?post=1900"}],"curies":[{"name":"wp","href":"https:\/\/api.w.org\/{rel}","templated":true}]}}